{"id":33618,"date":"2023-02-09T17:10:51","date_gmt":"2023-02-09T16:10:51","guid":{"rendered":"https:\/\/cesam.community\/2023\/02\/09\/sharing-of-responsibility-between-the-architect-and-the-project-manager\/"},"modified":"2023-04-06T12:00:39","modified_gmt":"2023-04-06T10:00:39","slug":"sharing-of-responsibility-between-the-architect-and-the-project-manager","status":"publish","type":"post","link":"https:\/\/cesam.community\/fr\/2023\/02\/09\/sharing-of-responsibility-between-the-architect-and-the-project-manager\/","title":{"rendered":"Partage de responsabilit\u00e9 entre l\u2019architecte et le chef de projet"},"content":{"rendered":"<div class=\"wpb-content-wrapper\"><section class=\"vc_row wpb_row vc_row-fluid  vc_custom_1675958784901\"><div class=\"wpb_column vc_column_container vc_col-sm-12 vc_col-md-offset-1 vc_col-md-10 col-xs-mobile-fullwidth\"><div class=\"vc_column-inner \"><div class=\"wpb_wrapper\"><span class=\"text-extra-dark-gray margin-20px-bottom font-weight-600 display-inline-block alt-font heading-style2  heading-1\"  style=\"font-size: 15px;\" data-fontsize=\"15px\">Extrait du livre blanc : Le r\u00f4le de l\u2019architecte \u2013 Le Cercle CESAM<\/span><\/div><\/div><\/div><\/section><section data-vc-full-width=\"true\" data-vc-full-width-init=\"false\" class=\"vc_row wpb_row vc_row-fluid  vc_custom_1675957888898 vc_row-has-fill pofo-stretch-content pofo-stretch-row-container\"><div class=\"wpb_column vc_column_container vc_col-sm-12 vc_col-md-offset-1 vc_col-md-10 col-xs-mobile-fullwidth\"><div class=\"vc_column-inner \"><div class=\"wpb_wrapper\"><div class=\"font-weight-500 text-uppercase d-inline-block text-small alt-font heading-style6  vc_custom_1675954912068  heading-2\"  style=\"font-weight: 600;\"><span class=\"text-outside-line-left\">Pr\u00e9ambule<\/span><\/div><div class=\"last-paragraph-no-margin\"><p style=\"text-align: justify;\">Avant de d\u00e9finir la contribution de l\u2019architecte \u00e0 la gestion du projet, il convient tout d\u2019abord de clarifier le partage de responsabilit\u00e9s entre le r\u00f4le de l\u2019architecte et le r\u00f4le du chef de projet, les deux r\u00f4les pouvant \u00eatre incarn\u00e9es par la m\u00eame personne ou des personnes distinctes.<br \/>\nIl existe diff\u00e9rents cas de figure et ces diff\u00e9rences, en fonction des entreprises, voire des diff\u00e9rents projets au sein d\u2019une m\u00eame entreprise, sont g\u00e9n\u00e9ratrices de nombreuses confusions avec des recouvrements potentiels d\u2019activit\u00e9s et de responsabilit\u00e9s ou \u00e0 l\u2019inverse des responsabilit\u00e9s non incarn\u00e9es ou port\u00e9es. Pour d\u00e9finir les responsabilit\u00e9s des diff\u00e9rents acteurs, nous emploierons ici les acronymes du RACI (Responsible, Accountable, Consulted et Informed) auquels nous donnerons le sens R = R\u00e9alisateur, A = Approbateur ou Responsable, C = Consult\u00e9, I = Inform\u00e9.<br \/>\nA noter que ce partage de responsabilit\u00e9 entre l\u2019architecte et le chef de projet doit \u00eatre d\u00e9fini sur toute la dur\u00e9e du projet (et pas uniquement en phase de conception) et peut \u00e9voluer selon la phase du projet. <strong>Il est ainsi important de rappeler que les activit\u00e9s et les responsabilit\u00e9s de l\u2019architecte doivent \u00eatre poursuivies sur l\u2019ensemble du cycle de vie.<\/strong><br \/>\nA noter enfin, que sur les phases de projet ou l\u2019activit\u00e9 de l\u2019architecte est r\u00e9duite, le r\u00f4le de l\u2019architecte peut \u00eatre attribu\u00e9 \u00e0 un autre membre de l\u2019\u00e9quipe.<\/p>\n<\/div><\/div><\/div><\/div><\/section><div class=\"vc_row-full-width vc_clearfix\"><\/div><section data-vc-full-width=\"true\" data-vc-full-width-init=\"false\" class=\"vc_row wpb_row vc_row-fluid  vc_custom_1675958886754 pofo-stretch-content pofo-stretch-row-container\"><div class=\"wpb_column vc_column_container vc_col-sm-12 vc_col-md-offset-1 vc_col-md-10 col-xs-mobile-fullwidth text-center\"><div class=\"vc_column-inner \"><div class=\"wpb_wrapper\"><span class=\"text-extra-large margin-25px-bottom display-inline-block alt-font text-uppercase heading-style3  vc_custom_1675957979951  heading-3\"  style=\"font-size: 22px; font-weight: 600; color: #1e5dbc;\" data-fontsize=\"22px\">L\u2019ESSENTIEL<\/span><div class=\"last-paragraph-no-margin\"><p style=\"text-align: justify;\">Une distribution claire du p\u00e9rim\u00e8tre entre le chef de projet et l\u2019architecte est indispensable pour assurer le succ\u00e8s du projet et m\u00e9rite de ne pas se satisfaire de l\u2019implicite.<br \/>\nL\u2019architecte est en charge \u00e0 minima de d\u00e9finir l\u2019architecture du syst\u00e8me, c\u2019est-\u00e0-dire de r\u00e9aliser l\u2019architecture bo\u00eete noire et bo\u00eete blanche de son syst\u00e8me, de mod\u00e9liser le syst\u00e8me et les cha\u00eenes de valeur dans l\u2019architecture, de proposer, justifier et choisir des architectures concurrentes, d\u2019\u00e9valuer les architectures en maturit\u00e9 et en conformit\u00e9 aux besoins prioritaires, de g\u00e9rer les interfaces, de conduire des analyses d\u2019impacts, de valider et v\u00e9rifier le syst\u00e8me.<\/p>\n<p style=\"text-align: justify;\">Le chef de projet quant \u00e0 lui, \u00e0 minima, pilote les co\u00fbts, risques et d\u00e9lais du projet.<br \/>\nEn mati\u00e8re d\u2019atteinte des objectifs Qualit\u00e9, Performance, Co\u00fbt et D\u00e9lai du projet, l\u2019architecte est responsable (\u00ab Accountable \u00bb au sens du RACI) des objectifs Qualit\u00e9 et Performance qui lui sont allou\u00e9s (en prenant en compte les contraintes Co\u00fbt et D\u00e9lai), tandis que le chef de projet est responsable (\u00ab Accountable \u00bb au sens du RACI) des objectifs Co\u00fbt et D\u00e9lai qui lui sont allou\u00e9s (en prenant en compte les contraintes Qualit\u00e9 et Performance).<\/p>\n<p style=\"text-align: justify;\">En cas d\u2019impossibilit\u00e9 d\u2019atteindre les objectifs Qualit\u00e9 et Performance avec les contraintes Co\u00fbts et D\u00e9lai, se pose alors la question de savoir qui arbitre. Le chef de projet \u00e9tant responsable (possiblement en d\u00e9l\u00e9gation) du QCDP global du projet, c&rsquo;est soit lui qui poss\u00e8de ce pouvoir d\u2019arbitrage, soit une autorit\u00e9 sup\u00e9rieure.<br \/>\nDans tous les cas il est important de bien identifier cette autorit\u00e9 d\u00e8s le lancement du projet.<\/p>\n<\/div><div class=\"last-paragraph-no-margin\"><p style=\"text-align: justify;\"><strong>Nota: <\/strong><br \/>\nNous parlons ici bien de r\u00f4le et pas d\u2019acteur. Il faut garder en t\u00eate qu\u2019il peut y avoir des cas o\u00f9 :<\/p>\n<ul>\n<li style=\"text-align: justify;\">La personne qui porte le r\u00f4le d\u2019architecte porte aussi les objectifs Co\u00fbt et D\u00e9lai (sur un sous p\u00e9rim\u00e8tre par exemple). Cet acteur joue alors \u00e9galement un r\u00f4le de chef de projet sur ce sous-p\u00e9rim\u00e8tre.<\/li>\n<li style=\"text-align: justify;\">La personne qui porte le r\u00f4le du chef de projet porte aussi les aspects Qualit\u00e9 et Performance (sur une phase sp\u00e9cifique du projet ou sur un projet de reconduction ou dit \u00ab business as usual\u00bb). Cet acteur joue alors \u00e9galement un r\u00f4le d&rsquo;architecte.<\/li>\n<\/ul>\n<\/div><\/div><\/div><\/div><\/section><div class=\"vc_row-full-width vc_clearfix\"><\/div><section data-vc-full-width=\"true\" data-vc-full-width-init=\"false\" class=\"vc_row wpb_row vc_row-fluid  vc_custom_1675958895317 pofo-stretch-content pofo-stretch-row-container\"><div class=\"wpb_column vc_column_container vc_col-sm-12 vc_col-md-offset-1 vc_col-md-10 col-xs-mobile-fullwidth text-center\"><div class=\"vc_column-inner \"><div class=\"wpb_wrapper\"><span class=\"text-extra-large margin-25px-bottom display-inline-block alt-font text-uppercase heading-style3  vc_custom_1675955485886  heading-4\"  style=\"font-size: 22px; font-weight: 600; color: #cc3b1e;\" data-fontsize=\"22px\">LES ECUEILS PRINCIPAUX<\/span><div class=\"last-paragraph-no-margin\"><p style=\"text-align: justify;\">Parmi les principaux \u00e9cueils, on notera :<\/p>\n<ul>\n<li style=\"text-align: justify;\">Les r\u00f4les non clairement explicit\u00e9s : qui est responsable de quelle activit\u00e9 et de quel objectif ? Par qui et comment sont fait les arbitrages?<\/li>\n<li style=\"text-align: justify;\">La probl\u00e9matique de bande passante, c\u2019est-\u00e0-dire de charge des acteurs qui ne peuvent pas r\u00e9aliser l\u2019ensemble des activit\u00e9s et responsabilit\u00e9s qui leur incombent ;<\/li>\n<li style=\"text-align: justify;\">La non-explicitation des r\u00e9sultats d\u2019arbitrages ;<\/li>\n<li style=\"text-align: justify;\">La prise de d\u00e9cisions qui vont au-del\u00e0 du p\u00e9rim\u00e8tre de d\u00e9l\u00e9gation du projet (ex : d\u00e9gradation de la qualit\u00e9 du produit qui a un impact sur l\u2019image de l\u2019entreprise et\/ou son business) ;<\/li>\n<li style=\"text-align: justify;\">Les confusions entre r\u00f4le et titre qui peuvent g\u00e9n\u00e9rer des ambigu\u00eft\u00e9s (ex : un architecte qui aurait un r\u00f4le de d\u00e9veloppeur sur un projet) ;<\/li>\n<li style=\"text-align: justify;\">Des chefs de projet portant historiquement la responsabilit\u00e9 technique des projets ce qui peut complexifier la mise en place d\u2019un nouveau r\u00f4le d\u2019architecte. Souvent les chefs de projets syst\u00e8me (m\u00eame programme parfois) font des choix d\u2019architecture sans en avoir conscience ce qui induit des risques\/couts non \u00e9tudi\u00e9s et anticip\u00e9s (par exemple : choix de sous-traitants sur des aspects financiers uniquement, sans prendre en compte des \u00e9valuations techniques).<\/li>\n<\/ul>\n<\/div><\/div><\/div><\/div><\/section><div class=\"vc_row-full-width vc_clearfix\"><\/div><section data-vc-full-width=\"true\" data-vc-full-width-init=\"false\" class=\"vc_row wpb_row vc_row-fluid  vc_custom_1675958903368 pofo-stretch-content pofo-stretch-row-container\"><div class=\"wpb_column vc_column_container vc_col-sm-12 vc_col-md-offset-1 vc_col-md-10 col-xs-mobile-fullwidth text-center\"><div class=\"vc_column-inner \"><div class=\"wpb_wrapper\"><span class=\"text-extra-large margin-25px-bottom display-inline-block alt-font text-uppercase heading-style3  vc_custom_1675955454289  heading-5\"  style=\"font-size: 22px; font-weight: 600; color: #84d620;\" data-fontsize=\"22px\">LES BONNES PRATIQUES<\/span><div class=\"last-paragraph-no-margin\"><p style=\"text-align: justify;\">Sans exclusif, voici quelques bonnes pratiques \u00e0 prendre en compte :<\/p>\n<ul style=\"list-style-type: circle;\">\n<li style=\"text-align: justify;\">Les r\u00f4les doivent \u00eatre explicit\u00e9s au d\u00e9but du projet ainsi qu\u2019\u00e0 tout changement d&rsquo;organisation ;<\/li>\n<li style=\"text-align: justify;\">Les arbitrages doivent \u00eatre explicit\u00e9s sur les diff\u00e9rentes phases projet (cela peut \u00eatre juste un compte rendu ou de fa\u00e7on plus d\u00e9taill\u00e9e, un dossier de justification des choix) ;<\/li>\n<li style=\"text-align: justify;\">Il convient d\u2019adapter l\u2019organisation (quelle somme de responsabilit\u00e9 doit porter l\u2019architecte) en fonction de la complexit\u00e9 du composant\/sous-syst\u00e8me ainsi que la complexit\u00e9 du reporting (KPI &amp; mod\u00e8les). Souvent le contexte sectoriel ou organisationnel conditionne le choix du partage de responsabilit\u00e9 entre l\u2019architecte et le chef de projet ;<\/li>\n<li style=\"text-align: justify;\">En plus de la clarification des r\u00f4les, il est recommand\u00e9 de mettre en place une formation sur le m\u00e9tier d\u2019architecte pour les acteurs projet.<\/li>\n<\/ul>\n<\/div><\/div><\/div><\/div><\/section><div class=\"vc_row-full-width vc_clearfix\"><\/div><section data-vc-full-width=\"true\" data-vc-full-width-init=\"false\" class=\"vc_row wpb_row vc_row-fluid  vc_custom_1676018287482 pofo-stretch-content pofo-stretch-row-container\"><div class=\"wpb_column vc_column_container vc_col-sm-12 vc_col-md-offset-1 vc_col-md-10 col-xs-mobile-fullwidth text-center\"><div class=\"vc_column-inner \"><div class=\"wpb_wrapper\"><span class=\"text-extra-large margin-25px-bottom display-inline-block alt-font text-uppercase heading-style3  vc_custom_1675956721188  heading-6\"  style=\"font-size: 22px; font-weight: 600; color: #ffbf00;\" data-fontsize=\"22px\">TEMOIGNAGES<\/span><div class=\"last-paragraph-no-margin\"><p style=\"text-align: justify;\">Nous avons compil\u00e9 ici un certain nombre de verbatims de chef de projet ou d\u2019architecte syst\u00e8me de diff\u00e9rentes entreprises, et qui font \u00e9cho \u00e0 cette distinction n\u00e9cessaire des r\u00f4les :<\/p>\n<blockquote>\n<p style=\"text-align: justify;\"><span style=\"font-size: 10pt;\"><span style=\"font-size: 12pt;\"><strong>\u201c<\/strong><\/span><em>Pour assurer un r\u00f4le d\u2019architecte tout au long de la vie du projet nous avons nomm\u00e9 un responsable d\u2019int\u00e9gration et test qui prend de facto le r\u00f4le d\u2019architecte apr\u00e8s la phase d\u2019\u00e9tude du projet ; <\/em><\/span><\/p>\n<p style=\"text-align: justify;\"><span style=\"font-size: 10pt;\"><em><strong><span style=\"font-size: 12pt;\">\u201c<\/span><\/strong> Dans le cadre de gros projets, nous avons des responsables de lot qui sont des chefs de projet et des architectes qui ont d\u00e9l\u00e9gations des objectifs QCDP sur leur p\u00e9rim\u00e8tre et sont pilot\u00e9s par le n\u0153ud du dessus ;<\/em><\/span><\/p>\n<p style=\"text-align: justify;\"><span style=\"font-size: 10pt;\"><em><strong><span style=\"font-size: 12pt;\">\u201c<\/span><\/strong>Sur un petit projet, nous avons un responsable technique qui joue un r\u00f4le d\u2019architecte ;<\/em><\/span><\/p>\n<p style=\"text-align: justify;\"><span style=\"font-size: 10pt;\"><em><strong><span style=\"font-size: 12pt;\">\u201c<\/span><\/strong> Nous optons pour une r\u00e9partition des r\u00f4les en fonction des projets et du profil des ressources disponibles au moment du lancement du projet, avec 3 r\u00f4les clefs identifi\u00e9s et incarn\u00e9s :<br \/>\n\u2022 Le chef de projet syst\u00e8me (en charge de la gestion du co\u00fbt, du d\u00e9lai, du planning)<br \/>\n\u2022 L\u2019architecte syst\u00e8me (en charge de la conception, d\u00e9finition de la solution et choix techniques r\u00e9pondant au besoin du client)<br \/>\n\u2022 Un responsable IVVQ (concentr\u00e9 sur la partie aval du cycle en V). Il s\u2019assure que ce qui est livr\u00e9 est en phase avec ce qui a \u00e9t\u00e9 sp\u00e9cifi\u00e9<\/em><\/span><\/p>\n<p style=\"text-align: justify;\"><span style=\"font-size: 10pt;\"><em><strong><span style=\"font-size: 12pt;\">\u201c<\/span><\/strong> Dans les petits projets, le chef de projet peut avoir \u00e9galement le r\u00f4le d\u2019architecte : il s\u2019occupe des sp\u00e9cifications avec un ing\u00e9nieur syst\u00e8me, qui est alors le responsable technique. Dans de plus gros projets, un r\u00f4le de responsable technique vis-\u00e0-vis du client peut \u00e9galement \u00eatre d\u00e9fini : il s\u2019agit alors d\u2019un architecte impliqu\u00e9 dans la remont\u00e9e du cycle en V. <\/em><\/span><\/p>\n<p style=\"text-align: justify;\"><span style=\"font-size: 10pt;\"><em><strong><span style=\"font-size: 12pt;\">\u201c<\/span><\/strong>Nous avons une organisation o\u00f9 les r\u00f4les sont beaucoup plus compartiment\u00e9s avec :<br \/>\n\u2022 Un chef de programme qui porte le QCDP du programme<br \/>\n\u2022 Un project design authority, responsable technique sur le projet vis \u00e0 vis du client<br \/>\n\u2022 Un architecte syst\u00e8me, responsable technique en interne lors des phases de conception<br \/>\n\u2022 Un responsable ing\u00e9nierie syst\u00e8me, responsable de conduire les activit\u00e9s d\u2019ing\u00e9nierie syst\u00e8me sur le projet<br \/>\n\u2022 Un responsable int\u00e9gration v\u00e9rification et validation en charge des activit\u00e9s d\u2019int\u00e9gration et de V&amp;V<\/em><\/span><\/p>\n<p style=\"text-align: justify;\"><span style=\"font-size: 10pt;\"><em><strong><span style=\"font-size: 12pt;\">\u201c<\/span><\/strong> Nous avons une organisation o\u00f9 la taille et le d\u00e9lai important des projets n\u00e9cessitent un partage de responsabilit\u00e9 technique entre des responsables techniques et un architecte. Les responsables techniques sont charg\u00e9s de lots (correspondant \u00e0 des lots d\u2019\u00e9tudes m\u00e9tier sur un p\u00e9rim\u00e8tre produit). Le responsable de lot a la charge de la r\u00e9alisation des \u00e9tudes techniques sur son lot (ex : notes de dimensionnement m\u00e9canique) et r\u00e9alise le suivi budg\u00e9taire de ses activit\u00e9s. Ce sont des appuis pour l\u2019architecte. L\u2019architecte, lui, porte la responsabilit\u00e9 de la performance du produit, et contrairement au responsable technique, il n\u2019a pas d\u2019aspect budg\u00e9taire \u00e0 g\u00e9rer. A noter que cette r\u00e9partition a \u00e9t\u00e9 pens\u00e9e pour pallier des probl\u00e9matiques historiques o\u00f9 les responsabilit\u00e9s solution, budget et planning \u00e9taient port\u00e9es par un m\u00eame r\u00f4le sans que cela ne soit tenable : il y avait soit un traitement des probl\u00e9matiques techniques au d\u00e9triment des aspects co\u00fbt et d\u00e9lai, soit au contraire un focus co\u00fbt et d\u00e9lai au d\u00e9triment de la technique. La mise en place d\u2019une responsabilit\u00e9 s\u00e9par\u00e9e sur la performance du produit a permis de mettre en place un \u00e9quilibre plus sain entre ces diff\u00e9rents aspects \u00e0 prendre en compte sur les projets et un renforcement de la pr\u00e9occupation de la conformit\u00e9 du produit final.<\/em><\/span><\/p>\n<\/blockquote>\n<\/div><\/div><\/div><\/div><\/section><div class=\"vc_row-full-width vc_clearfix\"><\/div><section data-vc-full-width=\"true\" data-vc-full-width-init=\"false\" class=\"vc_row wpb_row vc_row-fluid  vc_custom_1676045530070 cover-background wow fadeIn pofo-stretch-content pofo-stretch-row-container pofo-row-responsive-69ee3ff1925f7\"><div class=\"bg-extra-dark-gray bg-overlay\" style=\"opacity:0.8; \"><\/div><div class=\"wpb_column vc_column_container vc_col-sm-12 vc_col-md-offset-1 vc_col-md-10 col-xs-mobile-fullwidth wow fadeInUp text-center\"><div class=\"vc_column-inner \"><div class=\"wpb_wrapper\"><span class=\"text-extra-large margin-25px-bottom vertical-align-middle sm-width-100 display-inline-block alt-font heading-style3  vc_custom_1676044970828 pofo-button-responsive-69ee3ff1926f5  heading-7\"  style=\"font-size: 18px; color: #ffffff;\" data-fontsize=\"18px\">L\u2019article est \u00e9galement disponible au format pdf.<\/span><a  href=\"https:\/\/cesam.community\/wp-content\/uploads\/2023\/02\/Le_role_de_l_architecte_WP_Extrait1_FR_v0_9.pdf\" target=\"_self\" class=\"btn pofo-button-1 button-style2  btn-white  btn-small  pofo-button-responsive-69ee3ff192734\" >TELECHARGER<i class=\"ti-download   margin-5px-left no-margin-right\" aria-hidden=\"true\"><\/i><\/a><\/div><\/div><\/div><\/section><div class=\"vc_row-full-width vc_clearfix\"><\/div><section data-vc-full-width=\"true\" data-vc-full-width-init=\"false\" class=\"vc_row wpb_row vc_row-fluid  vc_custom_1676018195365 wow fadeIn vc_row-has-fill pofo-stretch-content pofo-stretch-row-container pofo-row-responsive-69ee3ff192782\"><div class=\"wpb_column vc_column_container vc_col-has-fill vc_col-sm-12 vc_col-md-offset-1 vc_col-md-10 col-xs-mobile-fullwidth\"><div class=\"vc_column-inner vc_custom_1676018441157\"><div class=\"wpb_wrapper\"><div class=\"vc_row wpb_row vc_inner vc_row-fluid  vc_custom_1676018467029\"><div class=\"wpb_column vc_column_container vc_col-sm-12  col-xs-mobile-fullwidth text-center\"><div class=\"vc_column-inner \"><div class=\"wpb_wrapper\"><span class=\"margin-100px-bottom xs-margin-40px-bottom font-weight-600 display-inline-block alt-font text-extra-small text-outside-line text-uppercase heading-style5  vc_custom_1676018337971  heading-8\"  style=\"font-size: 20px; color: #1c1c1c;\" data-fontsize=\"20px\">Des commentaires ?<\/span><div class=\"last-paragraph-no-margin\"><p style=\"text-align: center;\">Vos commentaires seront \u00e9tudi\u00e9s par les membres du Cercle lors de la prochaine r\u00e9union mensuelle.<\/p>\n<\/div><\/div><\/div><\/div><\/div>\n<div class=\"wpcf7 no-js\" id=\"wpcf7-f33627-o1\" lang=\"en-US\" dir=\"ltr\">\n<div class=\"screen-reader-response\"><p role=\"status\" aria-live=\"polite\" aria-atomic=\"true\"><\/p> <ul><\/ul><\/div>\n<form action=\"\/fr\/wp-json\/wp\/v2\/posts\/33618#wpcf7-f33627-o1\" method=\"post\" class=\"wpcf7-form init\" aria-label=\"Contact form\" novalidate=\"novalidate\" data-status=\"init\">\n<div style=\"display: none;\">\n<input type=\"hidden\" name=\"_wpcf7\" value=\"33627\" \/>\n<input type=\"hidden\" name=\"_wpcf7_version\" value=\"5.9.8\" \/>\n<input type=\"hidden\" name=\"_wpcf7_locale\" value=\"en_US\" \/>\n<input type=\"hidden\" name=\"_wpcf7_unit_tag\" value=\"wpcf7-f33627-o1\" \/>\n<input type=\"hidden\" name=\"_wpcf7_container_post\" value=\"0\" \/>\n<input type=\"hidden\" name=\"_wpcf7_posted_data_hash\" value=\"\" \/>\n<input type=\"hidden\" name=\"_wpcf7_recaptcha_response\" value=\"\" \/>\n<\/div>\n<div>\n\t<p><span class=\"wpcf7-form-control-wrap\" data-name=\"contact-name\"><input size=\"40\" maxlength=\"400\" class=\"wpcf7-form-control wpcf7-text wpcf7-validates-as-required input-border-bottom\" aria-required=\"true\" aria-invalid=\"false\" placeholder=\"Nom*\" value=\"\" type=\"text\" name=\"contact-name\" \/><\/span><br \/>\n<span class=\"wpcf7-form-control-wrap\" data-name=\"contact-company\"><input size=\"40\" maxlength=\"400\" class=\"wpcf7-form-control wpcf7-text wpcf7-validates-as-required input-border-bottom\" aria-required=\"true\" aria-invalid=\"false\" placeholder=\"Entreprise*\" value=\"\" type=\"text\" name=\"contact-company\" \/><\/span><br \/>\n<span class=\"wpcf7-form-control-wrap\" data-name=\"contact-email\"><input size=\"40\" maxlength=\"400\" class=\"wpcf7-form-control wpcf7-email wpcf7-validates-as-required wpcf7-text wpcf7-validates-as-email input-border-bottom\" aria-required=\"true\" aria-invalid=\"false\" placeholder=\"E-mail*\" value=\"\" type=\"email\" name=\"contact-email\" \/><\/span><br \/>\n<span class=\"wpcf7-form-control-wrap\" data-name=\"contact-message\"><textarea cols=\"40\" rows=\"3\" maxlength=\"2000\" class=\"wpcf7-form-control wpcf7-textarea wpcf7-validates-as-required xs-margin-20px-bottom input-border-bottom\" aria-required=\"true\" aria-invalid=\"false\" placeholder=\"Votre commentaire*\" name=\"contact-message\"><\/textarea><\/span><br \/>\n\t<span class=\"wpcf7-form-control-wrap recaptcha\" data-name=\"recaptcha\"><span data-sitekey=\"6LfrTVwpAAAAAO-8Y798BV1Fkw1VGKBXJBEV30-H\" class=\"wpcf7-form-control wpcf7-recaptcha g-recaptcha\"><\/span>\r\n<noscript>\r\n\t<div class=\"grecaptcha-noscript\">\r\n\t\t<iframe loading=\"lazy\" src=\"https:\/\/www.google.com\/recaptcha\/api\/fallback?k=6LfrTVwpAAAAAO-8Y798BV1Fkw1VGKBXJBEV30-H\" frameborder=\"0\" scrolling=\"no\" width=\"310\" height=\"430\">\r\n\t\t<\/iframe>\r\n\t\t<textarea name=\"g-recaptcha-response\" rows=\"3\" cols=\"40\" placeholder=\"reCaptcha Response Here\">\r\n\t\t<\/textarea>\r\n\t<\/div>\r\n<\/noscript>\r\n<\/span><br \/>\n<input class=\"wpcf7-form-control wpcf7-submit has-spinner btn btn-small btn-black\" type=\"submit\" value=\"ENVOYER\" \/>\n\t<\/p>\n<\/div><div class=\"wpcf7-response-output\" aria-hidden=\"true\"><\/div>\n<\/form>\n<\/div>\n<\/div><\/div><\/div><\/section><div class=\"vc_row-full-width vc_clearfix\"><\/div>\n<\/div>","protected":false},"excerpt":{"rendered":"Extrait du livre blanc : Le r\u00f4le de l\u2019architecte \u2013 Le Cercle CESAMPr\u00e9ambuleAvant de d\u00e9finir la contribution de l\u2019architecte \u00e0 la gestion du projet, il convient tout d\u2019abord de clarifier le partage de responsabilit\u00e9s entre le r\u00f4le de l\u2019architecte et le r\u00f4le du chef de projet, les deux r\u00f4les pouvant \u00eatre incarn\u00e9es par la m\u00eame personne ou des personnes distinctes. Il existe diff\u00e9rents cas de figure et ces diff\u00e9rences, en fonction des entreprises, voire des diff\u00e9rents projets au sein d\u2019une m\u00eame entreprise, sont g\u00e9n\u00e9ratrices de nombreuses confusions avec des recouvrements potentiels d\u2019activit\u00e9s et de responsabilit\u00e9s ou \u00e0 l\u2019inverse des responsabilit\u00e9s non incarn\u00e9es ou port\u00e9es. Pour d\u00e9finir les responsabilit\u00e9s des diff\u00e9rents acteurs, nous emploierons ici les acronymes du RACI (Responsible, Accountable, Consulted et Informed) auquels nous donnerons le sens R = R\u00e9alisateur, A = Approbateur ou Responsable, C = Consult\u00e9, I = Inform\u00e9. A noter que ce partage de responsabilit\u00e9 entre l\u2019architecte et le chef de projet doit \u00eatre d\u00e9fini sur toute la dur\u00e9e du projet (et pas uniquement en phase de conception) et peut \u00e9voluer selon la phase du projet. Il est ainsi important de rappeler que les activit\u00e9s et les responsabilit\u00e9s de l\u2019architecte doivent \u00eatre poursuivies sur l\u2019ensemble du...","protected":false},"author":1,"featured_media":0,"comment_status":"closed","ping_status":"open","sticky":false,"template":"","format":"standard","meta":{"footnotes":""},"categories":[236,237],"tags":[],"yoast_head":"<!-- This site is optimized with the Yoast SEO plugin v24.2 - https:\/\/yoast.com\/wordpress\/plugins\/seo\/ -->\n<title>Partage de responsabilit\u00e9 entre l\u2019architecte et le chef de projet - Cesam Community<\/title>\n<meta name=\"description\" content=\"Avant de d\u00e9finir la contribution de l\u2019architecte \u00e0 la gestion du projet, il convient tout d\u2019abord de clarifier le partage de responsabilit\u00e9s...\" \/>\n<meta name=\"robots\" content=\"index, follow, max-snippet:-1, max-image-preview:large, max-video-preview:-1\" \/>\n<link rel=\"canonical\" href=\"https:\/\/cesam.community\/fr\/2023\/02\/09\/sharing-of-responsibility-between-the-architect-and-the-project-manager\/\" \/>\n<meta property=\"og:locale\" content=\"fr_FR\" \/>\n<meta property=\"og:type\" content=\"article\" \/>\n<meta property=\"og:title\" content=\"Partage de responsabilit\u00e9 entre l\u2019architecte et le chef de projet - Cesam Community\" \/>\n<meta property=\"og:description\" content=\"Avant de d\u00e9finir la contribution de l\u2019architecte \u00e0 la gestion du projet, il convient tout d\u2019abord de clarifier le partage de responsabilit\u00e9s...\" \/>\n<meta property=\"og:url\" content=\"https:\/\/cesam.community\/fr\/2023\/02\/09\/sharing-of-responsibility-between-the-architect-and-the-project-manager\/\" \/>\n<meta property=\"og:site_name\" content=\"Cesam Community\" \/>\n<meta property=\"article:published_time\" content=\"2023-02-09T16:10:51+00:00\" \/>\n<meta property=\"article:modified_time\" content=\"2023-04-06T10:00:39+00:00\" \/>\n<meta name=\"author\" content=\"admin\" \/>\n<meta name=\"twitter:card\" content=\"summary_large_image\" \/>\n<meta name=\"twitter:creator\" content=\"@cesamcommunity\" \/>\n<meta name=\"twitter:site\" content=\"@cesamcommunity\" \/>\n<meta name=\"twitter:label1\" content=\"\u00c9crit par\" \/>\n\t<meta name=\"twitter:data1\" content=\"admin\" \/>\n\t<meta name=\"twitter:label2\" content=\"Dur\u00e9e de lecture estim\u00e9e\" \/>\n\t<meta name=\"twitter:data2\" content=\"8 minutes\" \/>\n<script type=\"application\/ld+json\" class=\"yoast-schema-graph\">{\"@context\":\"https:\/\/schema.org\",\"@graph\":[{\"@type\":\"Article\",\"@id\":\"https:\/\/cesam.community\/fr\/2023\/02\/09\/sharing-of-responsibility-between-the-architect-and-the-project-manager\/#article\",\"isPartOf\":{\"@id\":\"https:\/\/cesam.community\/fr\/2023\/02\/09\/sharing-of-responsibility-between-the-architect-and-the-project-manager\/\"},\"author\":{\"name\":\"admin\",\"@id\":\"https:\/\/cesam.community\/fr\/#\/schema\/person\/1698618e5539e0eadd3578d29281a505\"},\"headline\":\"Partage de responsabilit\u00e9 entre l\u2019architecte et le chef de projet\",\"datePublished\":\"2023-02-09T16:10:51+00:00\",\"dateModified\":\"2023-04-06T10:00:39+00:00\",\"mainEntityOfPage\":{\"@id\":\"https:\/\/cesam.community\/fr\/2023\/02\/09\/sharing-of-responsibility-between-the-architect-and-the-project-manager\/\"},\"wordCount\":2431,\"publisher\":{\"@id\":\"https:\/\/cesam.community\/fr\/#organization\"},\"articleSection\":[\"The role of the architect\",\"WHITE PAPER\"],\"inLanguage\":\"fr-FR\"},{\"@type\":\"WebPage\",\"@id\":\"https:\/\/cesam.community\/fr\/2023\/02\/09\/sharing-of-responsibility-between-the-architect-and-the-project-manager\/\",\"url\":\"https:\/\/cesam.community\/fr\/2023\/02\/09\/sharing-of-responsibility-between-the-architect-and-the-project-manager\/\",\"name\":\"Partage de responsabilit\u00e9 entre l\u2019architecte et le chef de projet - Cesam Community\",\"isPartOf\":{\"@id\":\"https:\/\/cesam.community\/fr\/#website\"},\"datePublished\":\"2023-02-09T16:10:51+00:00\",\"dateModified\":\"2023-04-06T10:00:39+00:00\",\"description\":\"Avant de d\u00e9finir la contribution de l\u2019architecte \u00e0 la gestion du projet, il convient tout d\u2019abord de clarifier le partage de responsabilit\u00e9s...\",\"breadcrumb\":{\"@id\":\"https:\/\/cesam.community\/fr\/2023\/02\/09\/sharing-of-responsibility-between-the-architect-and-the-project-manager\/#breadcrumb\"},\"inLanguage\":\"fr-FR\",\"potentialAction\":[{\"@type\":\"ReadAction\",\"target\":[\"https:\/\/cesam.community\/fr\/2023\/02\/09\/sharing-of-responsibility-between-the-architect-and-the-project-manager\/\"]}]},{\"@type\":\"BreadcrumbList\",\"@id\":\"https:\/\/cesam.community\/fr\/2023\/02\/09\/sharing-of-responsibility-between-the-architect-and-the-project-manager\/#breadcrumb\",\"itemListElement\":[{\"@type\":\"ListItem\",\"position\":1,\"name\":\"Accueil\",\"item\":\"https:\/\/cesam.community\/fr\/\"},{\"@type\":\"ListItem\",\"position\":2,\"name\":\"WHITE PAPER\",\"item\":\"https:\/\/cesam.community\/fr\/category\/white-paper-fr\/\"},{\"@type\":\"ListItem\",\"position\":3,\"name\":\"Partage de responsabilit\u00e9 entre l\u2019architecte et le chef de projet\"}]},{\"@type\":\"WebSite\",\"@id\":\"https:\/\/cesam.community\/fr\/#website\",\"url\":\"https:\/\/cesam.community\/fr\/\",\"name\":\"Cesam Community\",\"description\":\"La communaut\u00e9 CESAM\",\"publisher\":{\"@id\":\"https:\/\/cesam.community\/fr\/#organization\"},\"potentialAction\":[{\"@type\":\"SearchAction\",\"target\":{\"@type\":\"EntryPoint\",\"urlTemplate\":\"https:\/\/cesam.community\/fr\/?s={search_term_string}\"},\"query-input\":{\"@type\":\"PropertyValueSpecification\",\"valueRequired\":true,\"valueName\":\"search_term_string\"}}],\"inLanguage\":\"fr-FR\"},{\"@type\":\"Organization\",\"@id\":\"https:\/\/cesam.community\/fr\/#organization\",\"name\":\"CESAM Community\",\"url\":\"https:\/\/cesam.community\/fr\/\",\"logo\":{\"@type\":\"ImageObject\",\"inLanguage\":\"fr-FR\",\"@id\":\"https:\/\/cesam.community\/fr\/#\/schema\/logo\/image\/\",\"url\":\"https:\/\/cesam.community\/wp-content\/uploads\/2021\/04\/cesam_community_logo_v4.png\",\"contentUrl\":\"https:\/\/cesam.community\/wp-content\/uploads\/2021\/04\/cesam_community_logo_v4.png\",\"width\":7310,\"height\":1018,\"caption\":\"CESAM Community\"},\"image\":{\"@id\":\"https:\/\/cesam.community\/fr\/#\/schema\/logo\/image\/\"},\"sameAs\":[\"https:\/\/x.com\/cesamcommunity\",\"https:\/\/www.linkedin.com\/company\/community-cesam\/about\/\"]},{\"@type\":\"Person\",\"@id\":\"https:\/\/cesam.community\/fr\/#\/schema\/person\/1698618e5539e0eadd3578d29281a505\",\"name\":\"admin\",\"sameAs\":[\"https:\/\/cesam.community\"]}]}<\/script>\n<!-- \/ Yoast SEO plugin. -->","yoast_head_json":{"title":"Partage de responsabilit\u00e9 entre l\u2019architecte et le chef de projet - Cesam Community","description":"Avant de d\u00e9finir la contribution de l\u2019architecte \u00e0 la gestion du projet, il convient tout d\u2019abord de clarifier le partage de responsabilit\u00e9s...","robots":{"index":"index","follow":"follow","max-snippet":"max-snippet:-1","max-image-preview":"max-image-preview:large","max-video-preview":"max-video-preview:-1"},"canonical":"https:\/\/cesam.community\/fr\/2023\/02\/09\/sharing-of-responsibility-between-the-architect-and-the-project-manager\/","og_locale":"fr_FR","og_type":"article","og_title":"Partage de responsabilit\u00e9 entre l\u2019architecte et le chef de projet - Cesam Community","og_description":"Avant de d\u00e9finir la contribution de l\u2019architecte \u00e0 la gestion du projet, il convient tout d\u2019abord de clarifier le partage de responsabilit\u00e9s...","og_url":"https:\/\/cesam.community\/fr\/2023\/02\/09\/sharing-of-responsibility-between-the-architect-and-the-project-manager\/","og_site_name":"Cesam Community","article_published_time":"2023-02-09T16:10:51+00:00","article_modified_time":"2023-04-06T10:00:39+00:00","author":"admin","twitter_card":"summary_large_image","twitter_creator":"@cesamcommunity","twitter_site":"@cesamcommunity","twitter_misc":{"\u00c9crit par":"admin","Dur\u00e9e de lecture estim\u00e9e":"8 minutes"},"schema":{"@context":"https:\/\/schema.org","@graph":[{"@type":"Article","@id":"https:\/\/cesam.community\/fr\/2023\/02\/09\/sharing-of-responsibility-between-the-architect-and-the-project-manager\/#article","isPartOf":{"@id":"https:\/\/cesam.community\/fr\/2023\/02\/09\/sharing-of-responsibility-between-the-architect-and-the-project-manager\/"},"author":{"name":"admin","@id":"https:\/\/cesam.community\/fr\/#\/schema\/person\/1698618e5539e0eadd3578d29281a505"},"headline":"Partage de responsabilit\u00e9 entre l\u2019architecte et le chef de projet","datePublished":"2023-02-09T16:10:51+00:00","dateModified":"2023-04-06T10:00:39+00:00","mainEntityOfPage":{"@id":"https:\/\/cesam.community\/fr\/2023\/02\/09\/sharing-of-responsibility-between-the-architect-and-the-project-manager\/"},"wordCount":2431,"publisher":{"@id":"https:\/\/cesam.community\/fr\/#organization"},"articleSection":["The role of the architect","WHITE PAPER"],"inLanguage":"fr-FR"},{"@type":"WebPage","@id":"https:\/\/cesam.community\/fr\/2023\/02\/09\/sharing-of-responsibility-between-the-architect-and-the-project-manager\/","url":"https:\/\/cesam.community\/fr\/2023\/02\/09\/sharing-of-responsibility-between-the-architect-and-the-project-manager\/","name":"Partage de responsabilit\u00e9 entre l\u2019architecte et le chef de projet - Cesam Community","isPartOf":{"@id":"https:\/\/cesam.community\/fr\/#website"},"datePublished":"2023-02-09T16:10:51+00:00","dateModified":"2023-04-06T10:00:39+00:00","description":"Avant de d\u00e9finir la contribution de l\u2019architecte \u00e0 la gestion du projet, il convient tout d\u2019abord de clarifier le partage de responsabilit\u00e9s...","breadcrumb":{"@id":"https:\/\/cesam.community\/fr\/2023\/02\/09\/sharing-of-responsibility-between-the-architect-and-the-project-manager\/#breadcrumb"},"inLanguage":"fr-FR","potentialAction":[{"@type":"ReadAction","target":["https:\/\/cesam.community\/fr\/2023\/02\/09\/sharing-of-responsibility-between-the-architect-and-the-project-manager\/"]}]},{"@type":"BreadcrumbList","@id":"https:\/\/cesam.community\/fr\/2023\/02\/09\/sharing-of-responsibility-between-the-architect-and-the-project-manager\/#breadcrumb","itemListElement":[{"@type":"ListItem","position":1,"name":"Accueil","item":"https:\/\/cesam.community\/fr\/"},{"@type":"ListItem","position":2,"name":"WHITE PAPER","item":"https:\/\/cesam.community\/fr\/category\/white-paper-fr\/"},{"@type":"ListItem","position":3,"name":"Partage de responsabilit\u00e9 entre l\u2019architecte et le chef de projet"}]},{"@type":"WebSite","@id":"https:\/\/cesam.community\/fr\/#website","url":"https:\/\/cesam.community\/fr\/","name":"Cesam Community","description":"La communaut\u00e9 CESAM","publisher":{"@id":"https:\/\/cesam.community\/fr\/#organization"},"potentialAction":[{"@type":"SearchAction","target":{"@type":"EntryPoint","urlTemplate":"https:\/\/cesam.community\/fr\/?s={search_term_string}"},"query-input":{"@type":"PropertyValueSpecification","valueRequired":true,"valueName":"search_term_string"}}],"inLanguage":"fr-FR"},{"@type":"Organization","@id":"https:\/\/cesam.community\/fr\/#organization","name":"CESAM Community","url":"https:\/\/cesam.community\/fr\/","logo":{"@type":"ImageObject","inLanguage":"fr-FR","@id":"https:\/\/cesam.community\/fr\/#\/schema\/logo\/image\/","url":"https:\/\/cesam.community\/wp-content\/uploads\/2021\/04\/cesam_community_logo_v4.png","contentUrl":"https:\/\/cesam.community\/wp-content\/uploads\/2021\/04\/cesam_community_logo_v4.png","width":7310,"height":1018,"caption":"CESAM Community"},"image":{"@id":"https:\/\/cesam.community\/fr\/#\/schema\/logo\/image\/"},"sameAs":["https:\/\/x.com\/cesamcommunity","https:\/\/www.linkedin.com\/company\/community-cesam\/about\/"]},{"@type":"Person","@id":"https:\/\/cesam.community\/fr\/#\/schema\/person\/1698618e5539e0eadd3578d29281a505","name":"admin","sameAs":["https:\/\/cesam.community"]}]}},"_links":{"self":[{"href":"https:\/\/cesam.community\/fr\/wp-json\/wp\/v2\/posts\/33618"}],"collection":[{"href":"https:\/\/cesam.community\/fr\/wp-json\/wp\/v2\/posts"}],"about":[{"href":"https:\/\/cesam.community\/fr\/wp-json\/wp\/v2\/types\/post"}],"author":[{"embeddable":true,"href":"https:\/\/cesam.community\/fr\/wp-json\/wp\/v2\/users\/1"}],"replies":[{"embeddable":true,"href":"https:\/\/cesam.community\/fr\/wp-json\/wp\/v2\/comments?post=33618"}],"version-history":[{"count":19,"href":"https:\/\/cesam.community\/fr\/wp-json\/wp\/v2\/posts\/33618\/revisions"}],"predecessor-version":[{"id":33665,"href":"https:\/\/cesam.community\/fr\/wp-json\/wp\/v2\/posts\/33618\/revisions\/33665"}],"wp:attachment":[{"href":"https:\/\/cesam.community\/fr\/wp-json\/wp\/v2\/media?parent=33618"}],"wp:term":[{"taxonomy":"category","embeddable":true,"href":"https:\/\/cesam.community\/fr\/wp-json\/wp\/v2\/categories?post=33618"},{"taxonomy":"post_tag","embeddable":true,"href":"https:\/\/cesam.community\/fr\/wp-json\/wp\/v2\/tags?post=33618"}],"curies":[{"name":"wp","href":"https:\/\/api.w.org\/{rel}","templated":true}]}}