{"id":34556,"date":"2023-06-09T09:01:39","date_gmt":"2023-06-09T07:01:39","guid":{"rendered":"https:\/\/cesam.community\/2023\/06\/09\/assess-architecture-conformity-to-priority-needs-or-value\/"},"modified":"2023-06-09T11:29:55","modified_gmt":"2023-06-09T09:29:55","slug":"assess-architecture-conformity-to-priority-needs-or-value","status":"publish","type":"post","link":"https:\/\/cesam.community\/fr\/2023\/06\/09\/assess-architecture-conformity-to-priority-needs-or-value\/","title":{"rendered":"\u00c9valuer la conformit\u00e9 de l\u2019architecture aux besoins prioritaires ou \u00e0 valeur"},"content":{"rendered":"<div class=\"wpb-content-wrapper\"><section class=\"vc_row wpb_row vc_row-fluid  vc_custom_1675958784901\"><div class=\"wpb_column vc_column_container vc_col-sm-12 vc_col-md-offset-1 vc_col-md-10 col-xs-mobile-fullwidth\"><div class=\"vc_column-inner \"><div class=\"wpb_wrapper\"><span class=\"text-extra-dark-gray margin-20px-bottom font-weight-600 display-inline-block alt-font heading-style2  heading-1\"  style=\"font-size: 15px;\" data-fontsize=\"15px\">Extrait du livre blanc : Le r\u00f4le de l\u2019architecte \u2013 Le Cercle CESAM<\/span><\/div><\/div><\/div><\/section><section data-vc-full-width=\"true\" data-vc-full-width-init=\"false\" class=\"vc_row wpb_row vc_row-fluid  vc_custom_1675957888898 vc_row-has-fill pofo-stretch-content pofo-stretch-row-container\"><div class=\"wpb_column vc_column_container vc_col-sm-12 vc_col-md-offset-1 vc_col-md-10 col-xs-mobile-fullwidth\"><div class=\"vc_column-inner \"><div class=\"wpb_wrapper\"><div class=\"font-weight-500 text-uppercase d-inline-block text-small alt-font heading-style6  vc_custom_1675954912068  heading-2\"  style=\"font-weight: 600;\"><span class=\"text-outside-line-left\">Pr\u00e9ambule<\/span><\/div><div class=\"last-paragraph-no-margin\"><p class=\"ParagrapheWP\" style=\"text-align: justify;\">L\u2019architecte \u00e9value la conformit\u00e9 de l\u2019architecture aux besoins prioritaires qu\u2019il doit dans un premier temps identifier en tant que tels. La conformit\u00e9 est ensuite \u00e9tablie, dans un premier temps, au regard de l\u2019\u00e9tat de l\u2019art puis vis \u00e0 vis des constituants (2\u00e8me temps une fois les besoins d\u00e9clin\u00e9s via les premi\u00e8res \u00e9bauches d&rsquo;architecture).<br \/>\nLes r\u00e9sultats de cette \u00e9valuation et les premiers retours de conformit\u00e9 sont consolid\u00e9s via l\u2019\u00e9tablissement d\u2019une matrice de conformit\u00e9 permettant une vision globale sur ce qui est conforme, non conforme ou partiellement conforme.<\/p>\n<\/div><\/div><\/div><\/div><\/section><div class=\"vc_row-full-width vc_clearfix\"><\/div><section data-vc-full-width=\"true\" data-vc-full-width-init=\"false\" class=\"vc_row wpb_row vc_row-fluid  vc_custom_1675958886754 pofo-stretch-content pofo-stretch-row-container\"><div class=\"wpb_column vc_column_container vc_col-sm-12 vc_col-md-offset-1 vc_col-md-10 col-xs-mobile-fullwidth text-center\"><div class=\"vc_column-inner \"><div class=\"wpb_wrapper\"><span class=\"text-extra-large margin-25px-bottom display-inline-block alt-font text-uppercase heading-style3  vc_custom_1675957979951  heading-3\"  style=\"font-size: 22px; font-weight: 600; color: #1e5dbc;\" data-fontsize=\"22px\">L\u2019ESSENTIEL<\/span><div class=\"last-paragraph-no-margin\"><p style=\"font-weight: 400; text-align: justify;\">L\u2019\u00e9valuation de la conformit\u00e9 d\u2019une architecture aux besoins prioritaires ou \u00e0 valeur est un processus qui doit \u00eatre initi\u00e9 tr\u00e8s t\u00f4t dans le cycle de d\u00e9veloppement avec l&rsquo;identification des besoins qui portent la valeur pour le client et la mise en place de la matrice de conformit\u00e9 d\u00e9finissant les \u00e9l\u00e9ments attendus aux diff\u00e9rentes phases (justification, essais \u00e9l\u00e9mentaires, essais d\u2019ensemble.).<\/p>\n<\/div><\/div><\/div><\/div><\/section><div class=\"vc_row-full-width vc_clearfix\"><\/div><section data-vc-full-width=\"true\" data-vc-full-width-init=\"false\" class=\"vc_row wpb_row vc_row-fluid  vc_custom_1675958895317 pofo-stretch-content pofo-stretch-row-container\"><div class=\"wpb_column vc_column_container vc_col-sm-12 vc_col-md-offset-1 vc_col-md-10 col-xs-mobile-fullwidth text-center\"><div class=\"vc_column-inner \"><div class=\"wpb_wrapper\"><span class=\"text-extra-large margin-25px-bottom display-inline-block alt-font text-uppercase heading-style3  vc_custom_1675955485886  heading-4\"  style=\"font-size: 22px; font-weight: 600; color: #cc3b1e;\" data-fontsize=\"22px\">LES ECUEILS PRINCIPAUX<\/span><div class=\"last-paragraph-no-margin\"><p style=\"font-weight: 400; text-align: justify;\">Parmi les principaux \u00e9cueils, on notera :<\/p>\n<ul style=\"font-weight: 400;\">\n<li style=\"text-align: justify;\">Mauvais \u00e9changes entre strates d&rsquo;ing\u00e9nierie et mauvaise prise en compte des<br \/>\nnon conformit\u00e9s potentiellement remont\u00e9es.<\/li>\n<li style=\"text-align: justify;\">Politique de poker menteur vs contrats et contraintes financi\u00e8res (ou pour avoir le contrat).<\/li>\n<li style=\"text-align: justify;\">L&rsquo;\u00e9quipe amont n&rsquo;utilise pas l&rsquo;ing\u00e9nierie minimale des exigences (pas de balise amont) afin de donner une matrice factuelle.<\/li>\n<li style=\"text-align: justify;\">Tous les besoins sont prioritaires.<\/li>\n<li style=\"text-align: justify;\">Absence d&rsquo;exigences clairement d\u00e9finies.<\/li>\n<\/ul>\n<\/div><\/div><\/div><\/div><\/section><div class=\"vc_row-full-width vc_clearfix\"><\/div><section data-vc-full-width=\"true\" data-vc-full-width-init=\"false\" class=\"vc_row wpb_row vc_row-fluid  vc_custom_1675958903368 pofo-stretch-content pofo-stretch-row-container\"><div class=\"wpb_column vc_column_container vc_col-sm-12 vc_col-md-offset-1 vc_col-md-10 col-xs-mobile-fullwidth text-center\"><div class=\"vc_column-inner \"><div class=\"wpb_wrapper\"><span class=\"text-extra-large margin-25px-bottom display-inline-block alt-font text-uppercase heading-style3  vc_custom_1675955454289  heading-5\"  style=\"font-size: 22px; font-weight: 600; color: #84d620;\" data-fontsize=\"22px\">LES BONNES PRATIQUES<\/span><div class=\"last-paragraph-no-margin\"><p style=\"font-weight: 400; text-align: justify;\">Voici quelques bonnes pratiques \u00e0 prendre en compte :<\/p>\n<ul style=\"font-weight: 400;\">\n<li style=\"text-align: justify;\">Identifier les besoins prioritaires (KDD, key design drivers) avec les parties prenantes \u00e9mettrices.<\/li>\n<li style=\"text-align: justify;\">Capitaliser l&rsquo;\u00e9tat de l&rsquo;art et avoir une gestion de cet \u00e9tat de l&rsquo;art (mis \u00e0 jour par la R&amp;T notamment) pour savoir \u00e0 tout instant de quoi on est capable.<\/li>\n<li style=\"text-align: justify;\">Disposer d&rsquo;une bonne gestion des marges multi-strates d&rsquo;ing\u00e9nierie.<\/li>\n<li style=\"text-align: justify;\">Avoir un \u00e9tat factuel de la couverture de la proposition technique qui soit pris en compte avec le niveau de performance associ\u00e9.<\/li>\n<li style=\"text-align: justify;\">\u00c9l\u00e9ment contribuant au T du QCDT lors du passage de phase.<\/li>\n<li style=\"text-align: justify;\">Tr\u00e8s t\u00f4t dans le cycle de d\u00e9veloppement avoir une cartographie pr\u00e9liminaire des Key Driver. Parameters (m\u00e9triques principales) sur les diff\u00e9rentes couches d\u2019analyse (besoin, syst\u00e8me, sous-syst\u00e8me\u2026) permettant d&rsquo;\u00e9valuer de mani\u00e8re pr\u00e9liminaire la faisabilit\u00e9 et la conformit\u00e9 aux besoins. \u00c9tablir un lien de tra\u00e7abilit\u00e9 entre ces KDP.<\/li>\n<\/ul>\n<\/div><\/div><\/div><\/div><\/section><div class=\"vc_row-full-width vc_clearfix\"><\/div><section data-vc-full-width=\"true\" data-vc-full-width-init=\"false\" class=\"vc_row wpb_row vc_row-fluid  vc_custom_1677228482631 pofo-stretch-content pofo-stretch-row-container\"><div class=\"wpb_column vc_column_container vc_col-sm-12 vc_col-md-offset-1 vc_col-md-10 col-xs-mobile-fullwidth text-center\"><div class=\"vc_column-inner \"><div class=\"wpb_wrapper\"><span class=\"text-extra-large margin-25px-bottom display-inline-block alt-font text-uppercase heading-style3  vc_custom_1675956721188  heading-6\"  style=\"font-size: 22px; font-weight: 600; color: #ffbf00;\" data-fontsize=\"22px\">TEMOIGNAGES<\/span><div class=\"last-paragraph-no-margin\"><p style=\"text-align: justify;\">Nous avons compil\u00e9 ici un certain nombre de verbatims de chef de projet ou d\u2019architecte syst\u00e8me de diff\u00e9rentes entreprises, et qui font \u00e9cho \u00e0 cette phase :<\/p>\n<p style=\"text-align: justify;\"><em><span style=\"font-size: 10pt;\"><strong>\u201c<\/strong> Chez nous la priorisation de la valeur est faite par les \u00e9quipes qui ont en charge l&rsquo;\u00e9criture de la boite noire. La r\u00e9ponse se fait au travers l&rsquo;architecture sous forme de lot avec un d\u00e9coupage logique qui repr\u00e9sente la chaine d&rsquo;int\u00e9gration. <\/span><\/em><\/p>\n<p style=\"text-align: justify;\"><em><span style=\"font-size: 10pt;\"><strong>\u201c <\/strong>Contraintes contractuelles plus fortes que les alertes de non-conformit\u00e9 des sous-syst\u00e9miers et client pr\u00e9venu trop tard des non-conformit\u00e9s, programme annul\u00e9 tardivement et pertes financi\u00e8res et d&rsquo;image \u00e0 la fin. <\/span><\/em><\/p>\n<p style=\"text-align: justify;\"><em><span style=\"font-size: 10pt;\"><strong>\u201c <\/strong>\u00c9laboration d&rsquo;un mod\u00e8le de pr\u00e9dimensionnement permettant de faire le lien entre les KDP op\u00e9rationnels, les KDP syst\u00e8mes et KDP sous-syst\u00e8mes. \u00c9laboration d&rsquo;une matrice DSM d\u00e9tourn\u00e9e &gt;-&gt; \u00ab\u00a0KDP Structure Matrix\u00a0\u00bb permettant d&rsquo;assurer un lien de tra\u00e7abilit\u00e9 des KDP et d&rsquo;analyser les impacts sur la non tenue des certains param\u00e8tres. <\/span><\/em><\/p>\n<p style=\"text-align: justify;\"><em><span style=\"font-size: 10pt;\"><strong>\u201c <\/strong>Tous les besoins sont prioritaires. Chez nous, il est tr\u00e8s difficile d&rsquo;avoir l&rsquo;analyse de la valeur comme justification. La phrase magique \u00a0\u00bb Le March\u00e9 n&rsquo;acceptera jamais \u00a0\u00bb est tr\u00e8s souvent employ\u00e9e.<\/span><\/em><\/p>\n<\/div><\/div><\/div><\/div><\/section><div class=\"vc_row-full-width vc_clearfix\"><\/div><section data-vc-full-width=\"true\" data-vc-full-width-init=\"false\" class=\"vc_row wpb_row vc_row-fluid  vc_custom_1676045500631 cover-background wow fadeIn pofo-stretch-content pofo-stretch-row-container pofo-row-responsive-69ee4102d40c1\"><div class=\"bg-extra-dark-gray bg-overlay\" style=\"opacity:0.8; \"><\/div><div class=\"wpb_column vc_column_container vc_col-sm-12 vc_col-md-offset-1 vc_col-md-10 col-xs-mobile-fullwidth wow fadeInUp text-center\"><div class=\"vc_column-inner \"><div class=\"wpb_wrapper\"><span class=\"text-extra-large margin-25px-bottom vertical-align-middle sm-width-100 display-inline-block alt-font heading-style3  vc_custom_1676045384304 pofo-button-responsive-69ee4102d4154  heading-7\"  style=\"font-size: 18px; color: #ffffff;\" data-fontsize=\"18px\">Cet article est \u00e9galement disponible en format pdf.<\/span><a  href=\"https:\/\/cesam.community\/wp-content\/uploads\/2023\/06\/Le_role_de_l_architecte_WP_Extrait9_FR_v0_9.pdf\" target=\"_self\" class=\"btn pofo-button-1 button-style2  btn-white  btn-small  pofo-button-responsive-69ee4102d4192\" >TELECHARGER<i class=\"ti-download   margin-5px-left no-margin-right\" aria-hidden=\"true\"><\/i><\/a><\/div><\/div><\/div><\/section><div class=\"vc_row-full-width vc_clearfix\"><\/div><section data-vc-full-width=\"true\" data-vc-full-width-init=\"false\" class=\"vc_row wpb_row vc_row-fluid  vc_custom_1676018195365 wow fadeIn vc_row-has-fill pofo-stretch-content pofo-stretch-row-container pofo-row-responsive-69ee4102d41e6\"><div class=\"wpb_column vc_column_container vc_col-has-fill vc_col-sm-12 vc_col-md-offset-1 vc_col-md-10 col-xs-mobile-fullwidth\"><div class=\"vc_column-inner vc_custom_1676018441157\"><div class=\"wpb_wrapper\"><div class=\"vc_row wpb_row vc_inner vc_row-fluid  vc_custom_1676018467029\"><div class=\"wpb_column vc_column_container vc_col-sm-12  col-xs-mobile-fullwidth text-center\"><div class=\"vc_column-inner \"><div class=\"wpb_wrapper\"><span class=\"margin-100px-bottom xs-margin-40px-bottom font-weight-600 display-inline-block alt-font text-extra-small text-outside-line text-uppercase heading-style5  vc_custom_1676018337971  heading-8\"  style=\"font-size: 20px; color: #1c1c1c;\" data-fontsize=\"20px\">Des commentaires ?<\/span><div class=\"last-paragraph-no-margin\"><p style=\"text-align: center;\">Vos commentaires seront \u00e9tudi\u00e9s par les membres du Cercle lors de la prochaine r\u00e9union mensuelle.<\/p>\n<\/div><\/div><\/div><\/div><\/div>\n<div class=\"wpcf7 no-js\" id=\"wpcf7-f33598-o1\" lang=\"en-US\" dir=\"ltr\">\n<div class=\"screen-reader-response\"><p role=\"status\" aria-live=\"polite\" aria-atomic=\"true\"><\/p> <ul><\/ul><\/div>\n<form action=\"\/fr\/wp-json\/wp\/v2\/posts\/34556#wpcf7-f33598-o1\" method=\"post\" class=\"wpcf7-form init\" aria-label=\"Contact form\" novalidate=\"novalidate\" data-status=\"init\">\n<div style=\"display: none;\">\n<input type=\"hidden\" name=\"_wpcf7\" value=\"33598\" \/>\n<input type=\"hidden\" name=\"_wpcf7_version\" value=\"5.9.8\" \/>\n<input type=\"hidden\" name=\"_wpcf7_locale\" value=\"en_US\" \/>\n<input type=\"hidden\" name=\"_wpcf7_unit_tag\" value=\"wpcf7-f33598-o1\" \/>\n<input type=\"hidden\" name=\"_wpcf7_container_post\" value=\"0\" \/>\n<input type=\"hidden\" name=\"_wpcf7_posted_data_hash\" value=\"\" \/>\n<input type=\"hidden\" name=\"_wpcf7_recaptcha_response\" value=\"\" \/>\n<\/div>\n<div>\n\t<p><span class=\"wpcf7-form-control-wrap\" data-name=\"contact-name\"><input size=\"40\" maxlength=\"400\" class=\"wpcf7-form-control wpcf7-text wpcf7-validates-as-required input-border-bottom\" aria-required=\"true\" aria-invalid=\"false\" placeholder=\"Full name*\" value=\"\" type=\"text\" name=\"contact-name\" \/><\/span><br \/>\n<span class=\"wpcf7-form-control-wrap\" data-name=\"contact-company\"><input size=\"40\" maxlength=\"400\" class=\"wpcf7-form-control wpcf7-text wpcf7-validates-as-required input-border-bottom\" aria-required=\"true\" aria-invalid=\"false\" placeholder=\"Company*\" value=\"\" type=\"text\" name=\"contact-company\" \/><\/span><br \/>\n<span class=\"wpcf7-form-control-wrap\" data-name=\"contact-email\"><input size=\"40\" maxlength=\"400\" class=\"wpcf7-form-control wpcf7-email wpcf7-validates-as-required wpcf7-text wpcf7-validates-as-email input-border-bottom\" aria-required=\"true\" aria-invalid=\"false\" placeholder=\"E-mail*\" value=\"\" type=\"email\" name=\"contact-email\" \/><\/span><br \/>\n<span class=\"wpcf7-form-control-wrap\" data-name=\"contact-message\"><textarea cols=\"40\" rows=\"3\" maxlength=\"2000\" class=\"wpcf7-form-control wpcf7-textarea wpcf7-validates-as-required xs-margin-20px-bottom input-border-bottom\" aria-required=\"true\" aria-invalid=\"false\" placeholder=\"Your comment*\" name=\"contact-message\"><\/textarea><\/span><br \/>\n\t<span class=\"wpcf7-form-control-wrap recaptcha\" data-name=\"recaptcha\"><span data-sitekey=\"6LfrTVwpAAAAAO-8Y798BV1Fkw1VGKBXJBEV30-H\" class=\"wpcf7-form-control wpcf7-recaptcha g-recaptcha\"><\/span>\r\n<noscript>\r\n\t<div class=\"grecaptcha-noscript\">\r\n\t\t<iframe loading=\"lazy\" src=\"https:\/\/www.google.com\/recaptcha\/api\/fallback?k=6LfrTVwpAAAAAO-8Y798BV1Fkw1VGKBXJBEV30-H\" frameborder=\"0\" scrolling=\"no\" width=\"310\" height=\"430\">\r\n\t\t<\/iframe>\r\n\t\t<textarea name=\"g-recaptcha-response\" rows=\"3\" cols=\"40\" placeholder=\"reCaptcha Response Here\">\r\n\t\t<\/textarea>\r\n\t<\/div>\r\n<\/noscript>\r\n<\/span><br \/>\n<input class=\"wpcf7-form-control wpcf7-submit has-spinner btn btn-small btn-black\" type=\"submit\" value=\"POST\" \/>\n\t<\/p>\n<\/div><div class=\"wpcf7-response-output\" aria-hidden=\"true\"><\/div>\n<\/form>\n<\/div>\n<\/div><\/div><\/div><\/section><div class=\"vc_row-full-width vc_clearfix\"><\/div>\n<\/div>","protected":false},"excerpt":{"rendered":"Extrait du livre blanc : Le r\u00f4le de l\u2019architecte \u2013 Le Cercle CESAMPr\u00e9ambuleL\u2019architecte \u00e9value la conformit\u00e9 de l\u2019architecture aux besoins prioritaires qu\u2019il doit dans un premier temps identifier en tant que tels. La conformit\u00e9 est ensuite \u00e9tablie, dans un premier temps, au regard de l\u2019\u00e9tat de l\u2019art puis vis \u00e0 vis des constituants (2\u00e8me temps une fois les besoins d\u00e9clin\u00e9s via les premi\u00e8res \u00e9bauches d'architecture). Les r\u00e9sultats de cette \u00e9valuation et les premiers retours de conformit\u00e9 sont consolid\u00e9s via l\u2019\u00e9tablissement d\u2019une matrice de conformit\u00e9 permettant une vision globale sur ce qui est conforme, non conforme ou partiellement conforme. L\u2019ESSENTIELL\u2019\u00e9valuation de la conformit\u00e9 d\u2019une architecture aux besoins prioritaires ou \u00e0 valeur est un processus qui doit \u00eatre initi\u00e9 tr\u00e8s t\u00f4t dans le cycle de d\u00e9veloppement avec l'identification des besoins qui portent la valeur pour le client et la mise en place de la matrice de conformit\u00e9 d\u00e9finissant les \u00e9l\u00e9ments attendus aux diff\u00e9rentes phases (justification, essais \u00e9l\u00e9mentaires, essais d\u2019ensemble.). LES ECUEILS PRINCIPAUXParmi les principaux \u00e9cueils, on notera : Mauvais \u00e9changes entre strates d'ing\u00e9nierie et mauvaise prise en compte des non conformit\u00e9s potentiellement remont\u00e9es. Politique de poker menteur vs contrats et contraintes financi\u00e8res (ou pour avoir le contrat). L'\u00e9quipe amont n'utilise pas l'ing\u00e9nierie...","protected":false},"author":1,"featured_media":0,"comment_status":"closed","ping_status":"open","sticky":false,"template":"","format":"standard","meta":{"footnotes":""},"categories":[236,237],"tags":[],"yoast_head":"<!-- This site is optimized with the Yoast SEO plugin v24.2 - https:\/\/yoast.com\/wordpress\/plugins\/seo\/ -->\n<title>\u00c9valuer la conformit\u00e9 de l\u2019architecture aux besoins prioritaires ou \u00e0 valeur<\/title>\n<meta name=\"description\" content=\"L\u2019\u00e9valuation de la conformit\u00e9 d\u2019une architecture aux besoins prioritaires ou \u00e0 valeur est un processus qui doit \u00eatre initi\u00e9 tr\u00e8s t\u00f4t dans le cycle de d\u00e9veloppement...\" \/>\n<meta name=\"robots\" content=\"index, follow, max-snippet:-1, max-image-preview:large, max-video-preview:-1\" \/>\n<link rel=\"canonical\" href=\"https:\/\/cesam.community\/fr\/2023\/06\/09\/assess-architecture-conformity-to-priority-needs-or-value\/\" \/>\n<meta property=\"og:locale\" content=\"fr_FR\" \/>\n<meta property=\"og:type\" content=\"article\" \/>\n<meta property=\"og:title\" content=\"\u00c9valuer la conformit\u00e9 de l\u2019architecture aux besoins prioritaires ou \u00e0 valeur\" \/>\n<meta property=\"og:description\" content=\"L\u2019\u00e9valuation de la conformit\u00e9 d\u2019une architecture aux besoins prioritaires ou \u00e0 valeur est un processus qui doit \u00eatre initi\u00e9 tr\u00e8s t\u00f4t dans le cycle de d\u00e9veloppement...\" \/>\n<meta property=\"og:url\" content=\"https:\/\/cesam.community\/fr\/2023\/06\/09\/assess-architecture-conformity-to-priority-needs-or-value\/\" \/>\n<meta property=\"og:site_name\" content=\"Cesam Community\" \/>\n<meta property=\"article:published_time\" content=\"2023-06-09T07:01:39+00:00\" \/>\n<meta property=\"article:modified_time\" content=\"2023-06-09T09:29:55+00:00\" \/>\n<meta name=\"author\" content=\"admin\" \/>\n<meta name=\"twitter:card\" content=\"summary_large_image\" \/>\n<meta name=\"twitter:creator\" content=\"@cesamcommunity\" \/>\n<meta name=\"twitter:site\" content=\"@cesamcommunity\" \/>\n<meta name=\"twitter:label1\" content=\"\u00c9crit par\" \/>\n\t<meta name=\"twitter:data1\" content=\"admin\" \/>\n\t<meta name=\"twitter:label2\" content=\"Dur\u00e9e de lecture estim\u00e9e\" \/>\n\t<meta name=\"twitter:data2\" content=\"4 minutes\" \/>\n<script type=\"application\/ld+json\" class=\"yoast-schema-graph\">{\"@context\":\"https:\/\/schema.org\",\"@graph\":[{\"@type\":\"Article\",\"@id\":\"https:\/\/cesam.community\/fr\/2023\/06\/09\/assess-architecture-conformity-to-priority-needs-or-value\/#article\",\"isPartOf\":{\"@id\":\"https:\/\/cesam.community\/fr\/2023\/06\/09\/assess-architecture-conformity-to-priority-needs-or-value\/\"},\"author\":{\"name\":\"admin\",\"@id\":\"https:\/\/cesam.community\/fr\/#\/schema\/person\/1698618e5539e0eadd3578d29281a505\"},\"headline\":\"\u00c9valuer la conformit\u00e9 de l\u2019architecture aux besoins prioritaires ou \u00e0 valeur\",\"datePublished\":\"2023-06-09T07:01:39+00:00\",\"dateModified\":\"2023-06-09T09:29:55+00:00\",\"mainEntityOfPage\":{\"@id\":\"https:\/\/cesam.community\/fr\/2023\/06\/09\/assess-architecture-conformity-to-priority-needs-or-value\/\"},\"wordCount\":1367,\"publisher\":{\"@id\":\"https:\/\/cesam.community\/fr\/#organization\"},\"articleSection\":[\"The role of the architect\",\"WHITE PAPER\"],\"inLanguage\":\"fr-FR\"},{\"@type\":\"WebPage\",\"@id\":\"https:\/\/cesam.community\/fr\/2023\/06\/09\/assess-architecture-conformity-to-priority-needs-or-value\/\",\"url\":\"https:\/\/cesam.community\/fr\/2023\/06\/09\/assess-architecture-conformity-to-priority-needs-or-value\/\",\"name\":\"\u00c9valuer la conformit\u00e9 de l\u2019architecture aux besoins prioritaires ou \u00e0 valeur\",\"isPartOf\":{\"@id\":\"https:\/\/cesam.community\/fr\/#website\"},\"datePublished\":\"2023-06-09T07:01:39+00:00\",\"dateModified\":\"2023-06-09T09:29:55+00:00\",\"description\":\"L\u2019\u00e9valuation de la conformit\u00e9 d\u2019une architecture aux besoins prioritaires ou \u00e0 valeur est un processus qui doit \u00eatre initi\u00e9 tr\u00e8s t\u00f4t dans le cycle de d\u00e9veloppement...\",\"breadcrumb\":{\"@id\":\"https:\/\/cesam.community\/fr\/2023\/06\/09\/assess-architecture-conformity-to-priority-needs-or-value\/#breadcrumb\"},\"inLanguage\":\"fr-FR\",\"potentialAction\":[{\"@type\":\"ReadAction\",\"target\":[\"https:\/\/cesam.community\/fr\/2023\/06\/09\/assess-architecture-conformity-to-priority-needs-or-value\/\"]}]},{\"@type\":\"BreadcrumbList\",\"@id\":\"https:\/\/cesam.community\/fr\/2023\/06\/09\/assess-architecture-conformity-to-priority-needs-or-value\/#breadcrumb\",\"itemListElement\":[{\"@type\":\"ListItem\",\"position\":1,\"name\":\"Accueil\",\"item\":\"https:\/\/cesam.community\/fr\/\"},{\"@type\":\"ListItem\",\"position\":2,\"name\":\"WHITE PAPER\",\"item\":\"https:\/\/cesam.community\/fr\/category\/white-paper-fr\/\"},{\"@type\":\"ListItem\",\"position\":3,\"name\":\"\u00c9valuer la conformit\u00e9 de l\u2019architecture aux besoins prioritaires ou \u00e0 valeur\"}]},{\"@type\":\"WebSite\",\"@id\":\"https:\/\/cesam.community\/fr\/#website\",\"url\":\"https:\/\/cesam.community\/fr\/\",\"name\":\"Cesam Community\",\"description\":\"La communaut\u00e9 CESAM\",\"publisher\":{\"@id\":\"https:\/\/cesam.community\/fr\/#organization\"},\"potentialAction\":[{\"@type\":\"SearchAction\",\"target\":{\"@type\":\"EntryPoint\",\"urlTemplate\":\"https:\/\/cesam.community\/fr\/?s={search_term_string}\"},\"query-input\":{\"@type\":\"PropertyValueSpecification\",\"valueRequired\":true,\"valueName\":\"search_term_string\"}}],\"inLanguage\":\"fr-FR\"},{\"@type\":\"Organization\",\"@id\":\"https:\/\/cesam.community\/fr\/#organization\",\"name\":\"CESAM Community\",\"url\":\"https:\/\/cesam.community\/fr\/\",\"logo\":{\"@type\":\"ImageObject\",\"inLanguage\":\"fr-FR\",\"@id\":\"https:\/\/cesam.community\/fr\/#\/schema\/logo\/image\/\",\"url\":\"https:\/\/cesam.community\/wp-content\/uploads\/2021\/04\/cesam_community_logo_v4.png\",\"contentUrl\":\"https:\/\/cesam.community\/wp-content\/uploads\/2021\/04\/cesam_community_logo_v4.png\",\"width\":7310,\"height\":1018,\"caption\":\"CESAM Community\"},\"image\":{\"@id\":\"https:\/\/cesam.community\/fr\/#\/schema\/logo\/image\/\"},\"sameAs\":[\"https:\/\/x.com\/cesamcommunity\",\"https:\/\/www.linkedin.com\/company\/community-cesam\/about\/\"]},{\"@type\":\"Person\",\"@id\":\"https:\/\/cesam.community\/fr\/#\/schema\/person\/1698618e5539e0eadd3578d29281a505\",\"name\":\"admin\",\"sameAs\":[\"https:\/\/cesam.community\"]}]}<\/script>\n<!-- \/ Yoast SEO plugin. -->","yoast_head_json":{"title":"\u00c9valuer la conformit\u00e9 de l\u2019architecture aux besoins prioritaires ou \u00e0 valeur","description":"L\u2019\u00e9valuation de la conformit\u00e9 d\u2019une architecture aux besoins prioritaires ou \u00e0 valeur est un processus qui doit \u00eatre initi\u00e9 tr\u00e8s t\u00f4t dans le cycle de d\u00e9veloppement...","robots":{"index":"index","follow":"follow","max-snippet":"max-snippet:-1","max-image-preview":"max-image-preview:large","max-video-preview":"max-video-preview:-1"},"canonical":"https:\/\/cesam.community\/fr\/2023\/06\/09\/assess-architecture-conformity-to-priority-needs-or-value\/","og_locale":"fr_FR","og_type":"article","og_title":"\u00c9valuer la conformit\u00e9 de l\u2019architecture aux besoins prioritaires ou \u00e0 valeur","og_description":"L\u2019\u00e9valuation de la conformit\u00e9 d\u2019une architecture aux besoins prioritaires ou \u00e0 valeur est un processus qui doit \u00eatre initi\u00e9 tr\u00e8s t\u00f4t dans le cycle de d\u00e9veloppement...","og_url":"https:\/\/cesam.community\/fr\/2023\/06\/09\/assess-architecture-conformity-to-priority-needs-or-value\/","og_site_name":"Cesam Community","article_published_time":"2023-06-09T07:01:39+00:00","article_modified_time":"2023-06-09T09:29:55+00:00","author":"admin","twitter_card":"summary_large_image","twitter_creator":"@cesamcommunity","twitter_site":"@cesamcommunity","twitter_misc":{"\u00c9crit par":"admin","Dur\u00e9e de lecture estim\u00e9e":"4 minutes"},"schema":{"@context":"https:\/\/schema.org","@graph":[{"@type":"Article","@id":"https:\/\/cesam.community\/fr\/2023\/06\/09\/assess-architecture-conformity-to-priority-needs-or-value\/#article","isPartOf":{"@id":"https:\/\/cesam.community\/fr\/2023\/06\/09\/assess-architecture-conformity-to-priority-needs-or-value\/"},"author":{"name":"admin","@id":"https:\/\/cesam.community\/fr\/#\/schema\/person\/1698618e5539e0eadd3578d29281a505"},"headline":"\u00c9valuer la conformit\u00e9 de l\u2019architecture aux besoins prioritaires ou \u00e0 valeur","datePublished":"2023-06-09T07:01:39+00:00","dateModified":"2023-06-09T09:29:55+00:00","mainEntityOfPage":{"@id":"https:\/\/cesam.community\/fr\/2023\/06\/09\/assess-architecture-conformity-to-priority-needs-or-value\/"},"wordCount":1367,"publisher":{"@id":"https:\/\/cesam.community\/fr\/#organization"},"articleSection":["The role of the architect","WHITE PAPER"],"inLanguage":"fr-FR"},{"@type":"WebPage","@id":"https:\/\/cesam.community\/fr\/2023\/06\/09\/assess-architecture-conformity-to-priority-needs-or-value\/","url":"https:\/\/cesam.community\/fr\/2023\/06\/09\/assess-architecture-conformity-to-priority-needs-or-value\/","name":"\u00c9valuer la conformit\u00e9 de l\u2019architecture aux besoins prioritaires ou \u00e0 valeur","isPartOf":{"@id":"https:\/\/cesam.community\/fr\/#website"},"datePublished":"2023-06-09T07:01:39+00:00","dateModified":"2023-06-09T09:29:55+00:00","description":"L\u2019\u00e9valuation de la conformit\u00e9 d\u2019une architecture aux besoins prioritaires ou \u00e0 valeur est un processus qui doit \u00eatre initi\u00e9 tr\u00e8s t\u00f4t dans le cycle de d\u00e9veloppement...","breadcrumb":{"@id":"https:\/\/cesam.community\/fr\/2023\/06\/09\/assess-architecture-conformity-to-priority-needs-or-value\/#breadcrumb"},"inLanguage":"fr-FR","potentialAction":[{"@type":"ReadAction","target":["https:\/\/cesam.community\/fr\/2023\/06\/09\/assess-architecture-conformity-to-priority-needs-or-value\/"]}]},{"@type":"BreadcrumbList","@id":"https:\/\/cesam.community\/fr\/2023\/06\/09\/assess-architecture-conformity-to-priority-needs-or-value\/#breadcrumb","itemListElement":[{"@type":"ListItem","position":1,"name":"Accueil","item":"https:\/\/cesam.community\/fr\/"},{"@type":"ListItem","position":2,"name":"WHITE PAPER","item":"https:\/\/cesam.community\/fr\/category\/white-paper-fr\/"},{"@type":"ListItem","position":3,"name":"\u00c9valuer la conformit\u00e9 de l\u2019architecture aux besoins prioritaires ou \u00e0 valeur"}]},{"@type":"WebSite","@id":"https:\/\/cesam.community\/fr\/#website","url":"https:\/\/cesam.community\/fr\/","name":"Cesam Community","description":"La communaut\u00e9 CESAM","publisher":{"@id":"https:\/\/cesam.community\/fr\/#organization"},"potentialAction":[{"@type":"SearchAction","target":{"@type":"EntryPoint","urlTemplate":"https:\/\/cesam.community\/fr\/?s={search_term_string}"},"query-input":{"@type":"PropertyValueSpecification","valueRequired":true,"valueName":"search_term_string"}}],"inLanguage":"fr-FR"},{"@type":"Organization","@id":"https:\/\/cesam.community\/fr\/#organization","name":"CESAM Community","url":"https:\/\/cesam.community\/fr\/","logo":{"@type":"ImageObject","inLanguage":"fr-FR","@id":"https:\/\/cesam.community\/fr\/#\/schema\/logo\/image\/","url":"https:\/\/cesam.community\/wp-content\/uploads\/2021\/04\/cesam_community_logo_v4.png","contentUrl":"https:\/\/cesam.community\/wp-content\/uploads\/2021\/04\/cesam_community_logo_v4.png","width":7310,"height":1018,"caption":"CESAM Community"},"image":{"@id":"https:\/\/cesam.community\/fr\/#\/schema\/logo\/image\/"},"sameAs":["https:\/\/x.com\/cesamcommunity","https:\/\/www.linkedin.com\/company\/community-cesam\/about\/"]},{"@type":"Person","@id":"https:\/\/cesam.community\/fr\/#\/schema\/person\/1698618e5539e0eadd3578d29281a505","name":"admin","sameAs":["https:\/\/cesam.community"]}]}},"_links":{"self":[{"href":"https:\/\/cesam.community\/fr\/wp-json\/wp\/v2\/posts\/34556"}],"collection":[{"href":"https:\/\/cesam.community\/fr\/wp-json\/wp\/v2\/posts"}],"about":[{"href":"https:\/\/cesam.community\/fr\/wp-json\/wp\/v2\/types\/post"}],"author":[{"embeddable":true,"href":"https:\/\/cesam.community\/fr\/wp-json\/wp\/v2\/users\/1"}],"replies":[{"embeddable":true,"href":"https:\/\/cesam.community\/fr\/wp-json\/wp\/v2\/comments?post=34556"}],"version-history":[{"count":4,"href":"https:\/\/cesam.community\/fr\/wp-json\/wp\/v2\/posts\/34556\/revisions"}],"predecessor-version":[{"id":34561,"href":"https:\/\/cesam.community\/fr\/wp-json\/wp\/v2\/posts\/34556\/revisions\/34561"}],"wp:attachment":[{"href":"https:\/\/cesam.community\/fr\/wp-json\/wp\/v2\/media?parent=34556"}],"wp:term":[{"taxonomy":"category","embeddable":true,"href":"https:\/\/cesam.community\/fr\/wp-json\/wp\/v2\/categories?post=34556"},{"taxonomy":"post_tag","embeddable":true,"href":"https:\/\/cesam.community\/fr\/wp-json\/wp\/v2\/tags?post=34556"}],"curies":[{"name":"wp","href":"https:\/\/api.w.org\/{rel}","templated":true}]}}