{"id":34672,"date":"2023-07-06T08:04:10","date_gmt":"2023-07-06T06:04:10","guid":{"rendered":"https:\/\/cesam.community\/2023\/07\/06\/for-a-product-line-architect-manage-the-lifecycle-create-a-product-line\/"},"modified":"2023-07-06T08:47:06","modified_gmt":"2023-07-06T06:47:06","slug":"for-a-product-line-architect-manage-the-lifecycle-create-a-product-line","status":"publish","type":"post","link":"https:\/\/cesam.community\/fr\/2023\/07\/06\/for-a-product-line-architect-manage-the-lifecycle-create-a-product-line\/","title":{"rendered":"Pour un architecte de ligne de produit, g\u00e9rer le cycle de vie : Cr\u00e9ation d\u2019une ligne de produit"},"content":{"rendered":"<div class=\"wpb-content-wrapper\"><section class=\"vc_row wpb_row vc_row-fluid  vc_custom_1675958784901\"><div class=\"wpb_column vc_column_container vc_col-sm-12 vc_col-md-offset-1 vc_col-md-10 col-xs-mobile-fullwidth\"><div class=\"vc_column-inner \"><div class=\"wpb_wrapper\"><span class=\"text-extra-dark-gray margin-20px-bottom font-weight-600 display-inline-block alt-font heading-style2  heading-1\"  style=\"font-size: 15px;\" data-fontsize=\"15px\">Extrait du livre blanc : Le r\u00f4le de l\u2019architecte \u2013 Le Cercle CESAM<\/span><\/div><\/div><\/div><\/section><section data-vc-full-width=\"true\" data-vc-full-width-init=\"false\" class=\"vc_row wpb_row vc_row-fluid  vc_custom_1675957888898 vc_row-has-fill pofo-stretch-content pofo-stretch-row-container\"><div class=\"wpb_column vc_column_container vc_col-sm-12 vc_col-md-offset-1 vc_col-md-10 col-xs-mobile-fullwidth\"><div class=\"vc_column-inner \"><div class=\"wpb_wrapper\"><div class=\"font-weight-500 text-uppercase d-inline-block text-small alt-font heading-style6  vc_custom_1675954912068  heading-2\"  style=\"font-weight: 600;\"><span class=\"text-outside-line-left\">Pr\u00e9ambule<\/span><\/div><div class=\"last-paragraph-no-margin\"><p class=\"ParagrapheWP\" style=\"text-align: justify;\">Deux cas sont possibles pour la cr\u00e9ation :<br \/>\n\u2022 Des clients demandant des choses similaires aboutissant \u00e0 une opportunit\u00e9 de cr\u00e9ation d\u2019une ligne de produit ;<br \/>\n\u2022 Le marketing\/la strat\u00e9gie fait une \u00e9tude d\u2019opportunit\u00e9 identifiant le fait de mettre en place une strat\u00e9gie de ligne de produit. L\u2019\u00e9tude de march\u00e9 peut englober plusieurs niveaux de produits et de services. Il faut \u00e9galement bien prendre en compte la r\u00e9currence des demandes et l\u2019\u00e9volutivit\u00e9 du produit (li\u00e9es aux facteurs l\u00e9gaux, technologiques&#8230;). L\u2019architecte doit avoir en entr\u00e9e ces donn\u00e9es pour construire dans le temps sa ligne de produit.<br \/>\nDans le cadre d\u2019un projet interne (pas du d\u00e9veloppement d\u2019un produit pour un client), il s\u2019agit de d\u00e9finir l\u2019architecture standard en utilisant toutes les techniques de l\u2019architecte plus les techniques de ma\u00eetrise de la variabilit\u00e9.<\/p>\n<\/div><\/div><\/div><\/div><\/section><div class=\"vc_row-full-width vc_clearfix\"><\/div><section data-vc-full-width=\"true\" data-vc-full-width-init=\"false\" class=\"vc_row wpb_row vc_row-fluid  vc_custom_1675958886754 pofo-stretch-content pofo-stretch-row-container\"><div class=\"wpb_column vc_column_container vc_col-sm-12 vc_col-md-offset-1 vc_col-md-10 col-xs-mobile-fullwidth text-center\"><div class=\"vc_column-inner \"><div class=\"wpb_wrapper\"><span class=\"text-extra-large margin-25px-bottom display-inline-block alt-font text-uppercase heading-style3  vc_custom_1675957979951  heading-3\"  style=\"font-size: 22px; font-weight: 600; color: #1e5dbc;\" data-fontsize=\"22px\">L\u2019ESSENTIEL<\/span><div class=\"last-paragraph-no-margin\"><p style=\"font-weight: 400; text-align: justify;\">Bien d\u00e9finir une ligne de produit commence par bien d\u00e9limiter le p\u00e9rim\u00e8tre du march\u00e9 qu\u2019on cherche \u00e0 adresser et \u00e0 r\u00e9colter l\u2019ensemble des besoins qu\u2019elle doit couvrir ainsi que le niveau de maturit\u00e9 attendu par ce march\u00e9. Cela doit se faire en collaboration entre les gens qui repr\u00e9sentent les clients et ceux qui portent la technique (y compris les aspects fabrication, logistique\u2026). Garder sous contr\u00f4le ce p\u00e9rim\u00e8tre est un \u00e9l\u00e9ment clef de la r\u00e9ussite d\u2019une ligne de produit : on a en effet tendance \u00e0 l\u2019agrandir par opportunisme ou le r\u00e9duire par volont\u00e9 d\u2019optimisation locale. La mani\u00e8re d\u2019adresser ce p\u00e9rim\u00e8tre (au bon niveau de grain, dans la bonne temporalit\u00e9\u2026) est \u00e9galement un facteur de succ\u00e8s. La mise en place d\u2019une ligne de produit induit forc\u00e9ment un changement de paradigme \u00e0 prendre en compte.<\/p>\n<\/div><\/div><\/div><\/div><\/section><div class=\"vc_row-full-width vc_clearfix\"><\/div><section data-vc-full-width=\"true\" data-vc-full-width-init=\"false\" class=\"vc_row wpb_row vc_row-fluid  vc_custom_1675958895317 pofo-stretch-content pofo-stretch-row-container\"><div class=\"wpb_column vc_column_container vc_col-sm-12 vc_col-md-offset-1 vc_col-md-10 col-xs-mobile-fullwidth text-center\"><div class=\"vc_column-inner \"><div class=\"wpb_wrapper\"><span class=\"text-extra-large margin-25px-bottom display-inline-block alt-font text-uppercase heading-style3  vc_custom_1675955485886  heading-4\"  style=\"font-size: 22px; font-weight: 600; color: #cc3b1e;\" data-fontsize=\"22px\">LES ECUEILS PRINCIPAUX<\/span><div class=\"last-paragraph-no-margin\"><p style=\"font-weight: 400; text-align: justify;\">Parmi les principaux \u00e9cueils, on notera :<\/p>\n<ul style=\"font-weight: 400;\">\n<li style=\"text-align: justify;\">Pas de gouvernance d\u00e8s la cr\u00e9ation de la ligne de produit.<\/li>\n<li style=\"text-align: justify;\">\u00c9cueil r\u00e9current vis \u00e0 vis des demandes clients : cr\u00e9er une ligne de produit uniquement sur opportunit\u00e9s projets sans mise en place d\u2019une strat\u00e9gie bas\u00e9e sur une \u00e9tude de march\u00e9 (m\u00eame tr\u00e8s light ou en r\u00e9cup\u00e9rant les informations des commerciaux\/tickets SAV etc.), d\u2019une gouvernance associ\u00e9e ou de processus off-cycle qui demandent un investissement hors projet.<\/li>\n<li style=\"text-align: justify;\">Phasage temporel : d\u00e9veloppement pas en phase avec les besoins projet.<\/li>\n<li style=\"text-align: justify;\">Non prise en compte du niveau de r\u00e9currence et de l\u2019\u00e9volutivit\u00e9 (produit, du march\u00e9 au sens large etc.) dans la strat\u00e9gie de mise en place d\u2019une ligne et du scope.<\/li>\n<li style=\"text-align: justify;\">Gestion du changement : la rationalisation des co\u00fbts par la mise en place d\u2019une ligne de produit peut cr\u00e9er des peurs au sein des \u00e9quipes. Accompagner le changement peut \u00eatre un co\u00fbt non n\u00e9gligeable de la mise en place d\u2019une ligne de produit.<\/li>\n<\/ul>\n<\/div><\/div><\/div><\/div><\/section><div class=\"vc_row-full-width vc_clearfix\"><\/div><section data-vc-full-width=\"true\" data-vc-full-width-init=\"false\" class=\"vc_row wpb_row vc_row-fluid  vc_custom_1675958903368 pofo-stretch-content pofo-stretch-row-container\"><div class=\"wpb_column vc_column_container vc_col-sm-12 vc_col-md-offset-1 vc_col-md-10 col-xs-mobile-fullwidth text-center\"><div class=\"vc_column-inner \"><div class=\"wpb_wrapper\"><span class=\"text-extra-large margin-25px-bottom display-inline-block alt-font text-uppercase heading-style3  vc_custom_1675955454289  heading-5\"  style=\"font-size: 22px; font-weight: 600; color: #84d620;\" data-fontsize=\"22px\">LES BONNES PRATIQUES<\/span><div class=\"last-paragraph-no-margin\"><p style=\"font-weight: 400; text-align: justify;\">Voici quelques bonnes pratiques \u00e0 prendre en compte :<\/p>\n<ul style=\"font-weight: 400;\">\n<li style=\"text-align: justify;\">Se donner une vision cible du produit 150% mais le d\u00e9velopper (en fonction des opportunit\u00e9s) \u00e9tape par \u00e9tape afin de se laisser la libert\u00e9 dans la roadmap, ce qui permet d\u2019\u00eatre plus efficace pour l\u2019ad\u00e9quation avec le besoin client.<\/li>\n<li style=\"text-align: justify;\">Mettre en place deux feature models : un feature model bo\u00eete noire qui permet d\u2019appr\u00e9hender l\u2019ensemble des possibilit\u00e9s qu\u2019offre la ligne de produit vue du client et un feature model bo\u00eete blanche qui relie les composants n\u00e9cessaires en regard des options choisies.<\/li>\n<li style=\"text-align: justify;\">Ne pas n\u00e9gliger les aspects communication entre projets et ligne de produit (via une gouvernance). Les projets doivent comprendre qu\u2019on cherche un optimum global au niveau de l\u2019entreprise. La ligne de produit doit int\u00e9grer les besoins des projets pour ne pas \u00eatre hors sol.<\/li>\n<li style=\"text-align: justify;\">L\u2019outil de production doit \u00eatre associ\u00e9 aux r\u00e9flexions de la ligne de produit.<\/li>\n<li style=\"text-align: justify;\">Conscientiser les choix strat\u00e9giques qui sont fait autour de la ligne de produit.<\/li>\n<li style=\"text-align: justify;\">Inciter les projets \u00e0 la r\u00e9utilisation.<\/li>\n<li style=\"text-align: justify;\">Clairement d\u00e9finir les limites de la ligne de produit, c\u2019est \u00e0 dire le type de syst\u00e8mes qu\u2019elle ne couvrira pas.<\/li>\n<li style=\"text-align: justify;\">Mailler l\u2019architecture documentaire (de la sp\u00e9cification jusqu\u2019aux tests) sur l\u2019architecture de la ligne de produit afin de favoriser la capitalisation sur projet et la gestion de la configuration.<\/li>\n<li style=\"text-align: justify;\">Sur des produits tr\u00e8s complexes, ne pas h\u00e9siter \u00e0 d\u00e9velopper la ligne de produit au niveau des sous-syst\u00e8mes (sous r\u00e9serve d\u2019avoir pens\u00e9 globalement l\u2019approche modulaire).<\/li>\n<li style=\"text-align: justify;\">Mettre en place une mont\u00e9e en comp\u00e9tence des collaborateurs sur les principes des lignes de produits.<\/li>\n<li style=\"text-align: justify;\">D\u00e9coupler les interfaces externes des fonctionnalit\u00e9s coeur afin de les rendre plus facilement int\u00e9grables (et ne pas \u00e0 avoir \u00e0 re-designer les fonctions coeur d\u00e8s que les interfaces externes changent).<\/li>\n<\/ul>\n<\/div><\/div><\/div><\/div><\/section><div class=\"vc_row-full-width vc_clearfix\"><\/div><section data-vc-full-width=\"true\" data-vc-full-width-init=\"false\" class=\"vc_row wpb_row vc_row-fluid  vc_custom_1677228482631 pofo-stretch-content pofo-stretch-row-container\"><div class=\"wpb_column vc_column_container vc_col-sm-12 vc_col-md-offset-1 vc_col-md-10 col-xs-mobile-fullwidth text-center\"><div class=\"vc_column-inner \"><div class=\"wpb_wrapper\"><span class=\"text-extra-large margin-25px-bottom display-inline-block alt-font text-uppercase heading-style3  vc_custom_1675956721188  heading-6\"  style=\"font-size: 22px; font-weight: 600; color: #ffbf00;\" data-fontsize=\"22px\">TEMOIGNAGES<\/span><div class=\"last-paragraph-no-margin\"><p style=\"text-align: justify;\">Nous avons compil\u00e9 ici un certain nombre de verbatims de chef de projet ou d\u2019architecte syst\u00e8me de diff\u00e9rentes entreprises, et qui font \u00e9cho \u00e0 cette phase :<\/p>\n<p style=\"text-align: justify;\"><em><span style=\"font-size: 10pt;\"><strong>\u201c<\/strong> Nous avons mis en place une strat\u00e9gie de type \u201cbriques &amp; modules\u201d c&rsquo;est-\u00e0-dire que nous nous sommes dot\u00e9s d\u2019une vision d\u2019architecture modulaire cible en travaillant sur notre diversit\u00e9 existante et nous d\u00e9veloppons les briques technologiques de cette architecture par \u00e9tape.<br \/>\n<strong>\u201c<\/strong> Nous commen\u00e7ons \u00e0 envisager chaque \u00e9l\u00e9ment de nos syst\u00e8mes comme une brique de l\u00e9go r\u00e9utilisable et les incluons dans une d\u00e9marche plus globale de \u00ab\u00a0platforming\u00a0\u00bb jusqu\u2019aux couches les plus hautes de nos syst\u00e8mes.<br \/>\n<strong>\u201c<\/strong> Nous avons synchronis\u00e9 une d\u00e9marche de ligne de produit calculateur avec une ligne de produit logiciel et ainsi les interfaces logiciel\/calculateur sont stabilis\u00e9es.<br \/>\n<strong>\u201c<\/strong> Nous avons mis en place notre ligne de produit sur le logiciel afin de mieux ma\u00eetriser la mont\u00e9e en cadence des d\u00e9veloppements.<\/span><\/em><\/p>\n<\/div><\/div><\/div><\/div><\/section><div class=\"vc_row-full-width vc_clearfix\"><\/div><section data-vc-full-width=\"true\" data-vc-full-width-init=\"false\" class=\"vc_row wpb_row vc_row-fluid  vc_custom_1676045500631 cover-background wow fadeIn pofo-stretch-content pofo-stretch-row-container pofo-row-responsive-69ef4b2a89b2f\"><div class=\"bg-extra-dark-gray bg-overlay\" style=\"opacity:0.8; \"><\/div><div class=\"wpb_column vc_column_container vc_col-sm-12 vc_col-md-offset-1 vc_col-md-10 col-xs-mobile-fullwidth wow fadeInUp text-center\"><div class=\"vc_column-inner \"><div class=\"wpb_wrapper\"><span class=\"text-extra-large margin-25px-bottom vertical-align-middle sm-width-100 display-inline-block alt-font heading-style3  vc_custom_1676045384304 pofo-button-responsive-69ef4b2a89c1c  heading-7\"  style=\"font-size: 18px; color: #ffffff;\" data-fontsize=\"18px\">Cet article est \u00e9galement disponible en format pdf.<\/span><a  href=\"https:\/\/cesam.community\/wp-content\/uploads\/2023\/07\/Le_role_de_l_architecte_WP_Extrait11_FR_v0_9.pdf\" target=\"_self\" class=\"btn pofo-button-1 button-style2  btn-white  btn-small  pofo-button-responsive-69ef4b2a89c59\" >TELECHARGER<i class=\"ti-download   margin-5px-left no-margin-right\" aria-hidden=\"true\"><\/i><\/a><\/div><\/div><\/div><\/section><div class=\"vc_row-full-width vc_clearfix\"><\/div><section data-vc-full-width=\"true\" data-vc-full-width-init=\"false\" class=\"vc_row wpb_row vc_row-fluid  vc_custom_1676018195365 wow fadeIn vc_row-has-fill pofo-stretch-content pofo-stretch-row-container pofo-row-responsive-69ef4b2a89ca7\"><div class=\"wpb_column vc_column_container vc_col-has-fill vc_col-sm-12 vc_col-md-offset-1 vc_col-md-10 col-xs-mobile-fullwidth\"><div class=\"vc_column-inner vc_custom_1676018441157\"><div class=\"wpb_wrapper\"><div class=\"vc_row wpb_row vc_inner vc_row-fluid  vc_custom_1676018467029\"><div class=\"wpb_column vc_column_container vc_col-sm-12  col-xs-mobile-fullwidth text-center\"><div class=\"vc_column-inner \"><div class=\"wpb_wrapper\"><span class=\"margin-100px-bottom xs-margin-40px-bottom font-weight-600 display-inline-block alt-font text-extra-small text-outside-line text-uppercase heading-style5  vc_custom_1676018337971  heading-8\"  style=\"font-size: 20px; color: #1c1c1c;\" data-fontsize=\"20px\">Des commentaires ?<\/span><div class=\"last-paragraph-no-margin\"><p style=\"text-align: center;\">Vos commentaires seront \u00e9tudi\u00e9s par les membres du Cercle lors de la prochaine r\u00e9union mensuelle.<\/p>\n<\/div><\/div><\/div><\/div><\/div>\n<div class=\"wpcf7 no-js\" id=\"wpcf7-f33627-o1\" lang=\"en-US\" dir=\"ltr\">\n<div class=\"screen-reader-response\"><p role=\"status\" aria-live=\"polite\" aria-atomic=\"true\"><\/p> <ul><\/ul><\/div>\n<form action=\"\/fr\/wp-json\/wp\/v2\/posts\/34672#wpcf7-f33627-o1\" method=\"post\" class=\"wpcf7-form init\" aria-label=\"Contact form\" novalidate=\"novalidate\" data-status=\"init\">\n<div style=\"display: none;\">\n<input type=\"hidden\" name=\"_wpcf7\" value=\"33627\" \/>\n<input type=\"hidden\" name=\"_wpcf7_version\" value=\"5.9.8\" \/>\n<input type=\"hidden\" name=\"_wpcf7_locale\" value=\"en_US\" \/>\n<input type=\"hidden\" name=\"_wpcf7_unit_tag\" value=\"wpcf7-f33627-o1\" \/>\n<input type=\"hidden\" name=\"_wpcf7_container_post\" value=\"0\" \/>\n<input type=\"hidden\" name=\"_wpcf7_posted_data_hash\" value=\"\" \/>\n<input type=\"hidden\" name=\"_wpcf7_recaptcha_response\" value=\"\" \/>\n<\/div>\n<div>\n\t<p><span class=\"wpcf7-form-control-wrap\" data-name=\"contact-name\"><input size=\"40\" maxlength=\"400\" class=\"wpcf7-form-control wpcf7-text wpcf7-validates-as-required input-border-bottom\" aria-required=\"true\" aria-invalid=\"false\" placeholder=\"Nom*\" value=\"\" type=\"text\" name=\"contact-name\" \/><\/span><br \/>\n<span class=\"wpcf7-form-control-wrap\" data-name=\"contact-company\"><input size=\"40\" maxlength=\"400\" class=\"wpcf7-form-control wpcf7-text wpcf7-validates-as-required input-border-bottom\" aria-required=\"true\" aria-invalid=\"false\" placeholder=\"Entreprise*\" value=\"\" type=\"text\" name=\"contact-company\" \/><\/span><br \/>\n<span class=\"wpcf7-form-control-wrap\" data-name=\"contact-email\"><input size=\"40\" maxlength=\"400\" class=\"wpcf7-form-control wpcf7-email wpcf7-validates-as-required wpcf7-text wpcf7-validates-as-email input-border-bottom\" aria-required=\"true\" aria-invalid=\"false\" placeholder=\"E-mail*\" value=\"\" type=\"email\" name=\"contact-email\" \/><\/span><br \/>\n<span class=\"wpcf7-form-control-wrap\" data-name=\"contact-message\"><textarea cols=\"40\" rows=\"3\" maxlength=\"2000\" class=\"wpcf7-form-control wpcf7-textarea wpcf7-validates-as-required xs-margin-20px-bottom input-border-bottom\" aria-required=\"true\" aria-invalid=\"false\" placeholder=\"Votre commentaire*\" name=\"contact-message\"><\/textarea><\/span><br \/>\n\t<span class=\"wpcf7-form-control-wrap recaptcha\" data-name=\"recaptcha\"><span data-sitekey=\"6LfrTVwpAAAAAO-8Y798BV1Fkw1VGKBXJBEV30-H\" class=\"wpcf7-form-control wpcf7-recaptcha g-recaptcha\"><\/span>\r\n<noscript>\r\n\t<div class=\"grecaptcha-noscript\">\r\n\t\t<iframe loading=\"lazy\" src=\"https:\/\/www.google.com\/recaptcha\/api\/fallback?k=6LfrTVwpAAAAAO-8Y798BV1Fkw1VGKBXJBEV30-H\" frameborder=\"0\" scrolling=\"no\" width=\"310\" height=\"430\">\r\n\t\t<\/iframe>\r\n\t\t<textarea name=\"g-recaptcha-response\" rows=\"3\" cols=\"40\" placeholder=\"reCaptcha Response Here\">\r\n\t\t<\/textarea>\r\n\t<\/div>\r\n<\/noscript>\r\n<\/span><br \/>\n<input class=\"wpcf7-form-control wpcf7-submit has-spinner btn btn-small btn-black\" type=\"submit\" value=\"ENVOYER\" \/>\n\t<\/p>\n<\/div><div class=\"wpcf7-response-output\" aria-hidden=\"true\"><\/div>\n<\/form>\n<\/div>\n<\/div><\/div><\/div><\/section><div class=\"vc_row-full-width vc_clearfix\"><\/div>\n<\/div>","protected":false},"excerpt":{"rendered":"Extrait du livre blanc : Le r\u00f4le de l\u2019architecte \u2013 Le Cercle CESAMPr\u00e9ambuleDeux cas sont possibles pour la cr\u00e9ation : \u2022 Des clients demandant des choses similaires aboutissant \u00e0 une opportunit\u00e9 de cr\u00e9ation d\u2019une ligne de produit ; \u2022 Le marketing\/la strat\u00e9gie fait une \u00e9tude d\u2019opportunit\u00e9 identifiant le fait de mettre en place une strat\u00e9gie de ligne de produit. L\u2019\u00e9tude de march\u00e9 peut englober plusieurs niveaux de produits et de services. Il faut \u00e9galement bien prendre en compte la r\u00e9currence des demandes et l\u2019\u00e9volutivit\u00e9 du produit (li\u00e9es aux facteurs l\u00e9gaux, technologiques...). L\u2019architecte doit avoir en entr\u00e9e ces donn\u00e9es pour construire dans le temps sa ligne de produit. Dans le cadre d\u2019un projet interne (pas du d\u00e9veloppement d\u2019un produit pour un client), il s\u2019agit de d\u00e9finir l\u2019architecture standard en utilisant toutes les techniques de l\u2019architecte plus les techniques de ma\u00eetrise de la variabilit\u00e9. L\u2019ESSENTIELBien d\u00e9finir une ligne de produit commence par bien d\u00e9limiter le p\u00e9rim\u00e8tre du march\u00e9 qu\u2019on cherche \u00e0 adresser et \u00e0 r\u00e9colter l\u2019ensemble des besoins qu\u2019elle doit couvrir ainsi que le niveau de maturit\u00e9 attendu par ce march\u00e9. Cela doit se faire en collaboration entre les gens qui repr\u00e9sentent les clients et ceux qui portent la technique (y compris...","protected":false},"author":1,"featured_media":0,"comment_status":"closed","ping_status":"open","sticky":false,"template":"","format":"standard","meta":{"footnotes":""},"categories":[236,237],"tags":[],"yoast_head":"<!-- This site is optimized with the Yoast SEO plugin v24.2 - https:\/\/yoast.com\/wordpress\/plugins\/seo\/ -->\n<title>Pour un architecte de ligne de produit, g\u00e9rer le cycle de vie : Cr\u00e9ation d\u2019une ligne de produit<\/title>\n<meta name=\"description\" content=\"Bien d\u00e9finir une ligne de produit commence par bien d\u00e9limiter le p\u00e9rim\u00e8tre du march\u00e9 qu\u2019on cherche \u00e0 adresser et \u00e0 r\u00e9colter l\u2019ensemble des besoins...\" \/>\n<meta name=\"robots\" content=\"index, follow, max-snippet:-1, max-image-preview:large, max-video-preview:-1\" \/>\n<link rel=\"canonical\" href=\"https:\/\/cesam.community\/fr\/2023\/07\/06\/for-a-product-line-architect-manage-the-lifecycle-create-a-product-line\/\" \/>\n<meta property=\"og:locale\" content=\"fr_FR\" \/>\n<meta property=\"og:type\" content=\"article\" \/>\n<meta property=\"og:title\" content=\"Pour un architecte de ligne de produit, g\u00e9rer le cycle de vie : Cr\u00e9ation d\u2019une ligne de produit\" \/>\n<meta property=\"og:description\" content=\"Bien d\u00e9finir une ligne de produit commence par bien d\u00e9limiter le p\u00e9rim\u00e8tre du march\u00e9 qu\u2019on cherche \u00e0 adresser et \u00e0 r\u00e9colter l\u2019ensemble des besoins...\" \/>\n<meta property=\"og:url\" content=\"https:\/\/cesam.community\/fr\/2023\/07\/06\/for-a-product-line-architect-manage-the-lifecycle-create-a-product-line\/\" \/>\n<meta property=\"og:site_name\" content=\"Cesam Community\" \/>\n<meta property=\"article:published_time\" content=\"2023-07-06T06:04:10+00:00\" \/>\n<meta property=\"article:modified_time\" content=\"2023-07-06T06:47:06+00:00\" \/>\n<meta name=\"author\" content=\"admin\" \/>\n<meta name=\"twitter:card\" content=\"summary_large_image\" \/>\n<meta name=\"twitter:creator\" content=\"@cesamcommunity\" \/>\n<meta name=\"twitter:site\" content=\"@cesamcommunity\" \/>\n<meta name=\"twitter:label1\" content=\"\u00c9crit par\" \/>\n\t<meta name=\"twitter:data1\" content=\"admin\" \/>\n\t<meta name=\"twitter:label2\" content=\"Dur\u00e9e de lecture estim\u00e9e\" \/>\n\t<meta name=\"twitter:data2\" content=\"5 minutes\" \/>\n<script type=\"application\/ld+json\" class=\"yoast-schema-graph\">{\"@context\":\"https:\/\/schema.org\",\"@graph\":[{\"@type\":\"Article\",\"@id\":\"https:\/\/cesam.community\/fr\/2023\/07\/06\/for-a-product-line-architect-manage-the-lifecycle-create-a-product-line\/#article\",\"isPartOf\":{\"@id\":\"https:\/\/cesam.community\/fr\/2023\/07\/06\/for-a-product-line-architect-manage-the-lifecycle-create-a-product-line\/\"},\"author\":{\"name\":\"admin\",\"@id\":\"https:\/\/cesam.community\/fr\/#\/schema\/person\/1698618e5539e0eadd3578d29281a505\"},\"headline\":\"Pour un architecte de ligne de produit, g\u00e9rer le cycle de vie : Cr\u00e9ation d\u2019une ligne de produit\",\"datePublished\":\"2023-07-06T06:04:10+00:00\",\"dateModified\":\"2023-07-06T06:47:06+00:00\",\"mainEntityOfPage\":{\"@id\":\"https:\/\/cesam.community\/fr\/2023\/07\/06\/for-a-product-line-architect-manage-the-lifecycle-create-a-product-line\/\"},\"wordCount\":1736,\"publisher\":{\"@id\":\"https:\/\/cesam.community\/fr\/#organization\"},\"articleSection\":[\"The role of the architect\",\"WHITE PAPER\"],\"inLanguage\":\"fr-FR\"},{\"@type\":\"WebPage\",\"@id\":\"https:\/\/cesam.community\/fr\/2023\/07\/06\/for-a-product-line-architect-manage-the-lifecycle-create-a-product-line\/\",\"url\":\"https:\/\/cesam.community\/fr\/2023\/07\/06\/for-a-product-line-architect-manage-the-lifecycle-create-a-product-line\/\",\"name\":\"Pour un architecte de ligne de produit, g\u00e9rer le cycle de vie : Cr\u00e9ation d\u2019une ligne de produit\",\"isPartOf\":{\"@id\":\"https:\/\/cesam.community\/fr\/#website\"},\"datePublished\":\"2023-07-06T06:04:10+00:00\",\"dateModified\":\"2023-07-06T06:47:06+00:00\",\"description\":\"Bien d\u00e9finir une ligne de produit commence par bien d\u00e9limiter le p\u00e9rim\u00e8tre du march\u00e9 qu\u2019on cherche \u00e0 adresser et \u00e0 r\u00e9colter l\u2019ensemble des besoins...\",\"breadcrumb\":{\"@id\":\"https:\/\/cesam.community\/fr\/2023\/07\/06\/for-a-product-line-architect-manage-the-lifecycle-create-a-product-line\/#breadcrumb\"},\"inLanguage\":\"fr-FR\",\"potentialAction\":[{\"@type\":\"ReadAction\",\"target\":[\"https:\/\/cesam.community\/fr\/2023\/07\/06\/for-a-product-line-architect-manage-the-lifecycle-create-a-product-line\/\"]}]},{\"@type\":\"BreadcrumbList\",\"@id\":\"https:\/\/cesam.community\/fr\/2023\/07\/06\/for-a-product-line-architect-manage-the-lifecycle-create-a-product-line\/#breadcrumb\",\"itemListElement\":[{\"@type\":\"ListItem\",\"position\":1,\"name\":\"Accueil\",\"item\":\"https:\/\/cesam.community\/fr\/\"},{\"@type\":\"ListItem\",\"position\":2,\"name\":\"WHITE PAPER\",\"item\":\"https:\/\/cesam.community\/fr\/category\/white-paper-fr\/\"},{\"@type\":\"ListItem\",\"position\":3,\"name\":\"Pour un architecte de ligne de produit, g\u00e9rer le cycle de vie : Cr\u00e9ation d\u2019une ligne de produit\"}]},{\"@type\":\"WebSite\",\"@id\":\"https:\/\/cesam.community\/fr\/#website\",\"url\":\"https:\/\/cesam.community\/fr\/\",\"name\":\"Cesam Community\",\"description\":\"La communaut\u00e9 CESAM\",\"publisher\":{\"@id\":\"https:\/\/cesam.community\/fr\/#organization\"},\"potentialAction\":[{\"@type\":\"SearchAction\",\"target\":{\"@type\":\"EntryPoint\",\"urlTemplate\":\"https:\/\/cesam.community\/fr\/?s={search_term_string}\"},\"query-input\":{\"@type\":\"PropertyValueSpecification\",\"valueRequired\":true,\"valueName\":\"search_term_string\"}}],\"inLanguage\":\"fr-FR\"},{\"@type\":\"Organization\",\"@id\":\"https:\/\/cesam.community\/fr\/#organization\",\"name\":\"CESAM Community\",\"url\":\"https:\/\/cesam.community\/fr\/\",\"logo\":{\"@type\":\"ImageObject\",\"inLanguage\":\"fr-FR\",\"@id\":\"https:\/\/cesam.community\/fr\/#\/schema\/logo\/image\/\",\"url\":\"https:\/\/cesam.community\/wp-content\/uploads\/2021\/04\/cesam_community_logo_v4.png\",\"contentUrl\":\"https:\/\/cesam.community\/wp-content\/uploads\/2021\/04\/cesam_community_logo_v4.png\",\"width\":7310,\"height\":1018,\"caption\":\"CESAM Community\"},\"image\":{\"@id\":\"https:\/\/cesam.community\/fr\/#\/schema\/logo\/image\/\"},\"sameAs\":[\"https:\/\/x.com\/cesamcommunity\",\"https:\/\/www.linkedin.com\/company\/community-cesam\/about\/\"]},{\"@type\":\"Person\",\"@id\":\"https:\/\/cesam.community\/fr\/#\/schema\/person\/1698618e5539e0eadd3578d29281a505\",\"name\":\"admin\",\"sameAs\":[\"https:\/\/cesam.community\"]}]}<\/script>\n<!-- \/ Yoast SEO plugin. -->","yoast_head_json":{"title":"Pour un architecte de ligne de produit, g\u00e9rer le cycle de vie : Cr\u00e9ation d\u2019une ligne de produit","description":"Bien d\u00e9finir une ligne de produit commence par bien d\u00e9limiter le p\u00e9rim\u00e8tre du march\u00e9 qu\u2019on cherche \u00e0 adresser et \u00e0 r\u00e9colter l\u2019ensemble des besoins...","robots":{"index":"index","follow":"follow","max-snippet":"max-snippet:-1","max-image-preview":"max-image-preview:large","max-video-preview":"max-video-preview:-1"},"canonical":"https:\/\/cesam.community\/fr\/2023\/07\/06\/for-a-product-line-architect-manage-the-lifecycle-create-a-product-line\/","og_locale":"fr_FR","og_type":"article","og_title":"Pour un architecte de ligne de produit, g\u00e9rer le cycle de vie : Cr\u00e9ation d\u2019une ligne de produit","og_description":"Bien d\u00e9finir une ligne de produit commence par bien d\u00e9limiter le p\u00e9rim\u00e8tre du march\u00e9 qu\u2019on cherche \u00e0 adresser et \u00e0 r\u00e9colter l\u2019ensemble des besoins...","og_url":"https:\/\/cesam.community\/fr\/2023\/07\/06\/for-a-product-line-architect-manage-the-lifecycle-create-a-product-line\/","og_site_name":"Cesam Community","article_published_time":"2023-07-06T06:04:10+00:00","article_modified_time":"2023-07-06T06:47:06+00:00","author":"admin","twitter_card":"summary_large_image","twitter_creator":"@cesamcommunity","twitter_site":"@cesamcommunity","twitter_misc":{"\u00c9crit par":"admin","Dur\u00e9e de lecture estim\u00e9e":"5 minutes"},"schema":{"@context":"https:\/\/schema.org","@graph":[{"@type":"Article","@id":"https:\/\/cesam.community\/fr\/2023\/07\/06\/for-a-product-line-architect-manage-the-lifecycle-create-a-product-line\/#article","isPartOf":{"@id":"https:\/\/cesam.community\/fr\/2023\/07\/06\/for-a-product-line-architect-manage-the-lifecycle-create-a-product-line\/"},"author":{"name":"admin","@id":"https:\/\/cesam.community\/fr\/#\/schema\/person\/1698618e5539e0eadd3578d29281a505"},"headline":"Pour un architecte de ligne de produit, g\u00e9rer le cycle de vie : Cr\u00e9ation d\u2019une ligne de produit","datePublished":"2023-07-06T06:04:10+00:00","dateModified":"2023-07-06T06:47:06+00:00","mainEntityOfPage":{"@id":"https:\/\/cesam.community\/fr\/2023\/07\/06\/for-a-product-line-architect-manage-the-lifecycle-create-a-product-line\/"},"wordCount":1736,"publisher":{"@id":"https:\/\/cesam.community\/fr\/#organization"},"articleSection":["The role of the architect","WHITE PAPER"],"inLanguage":"fr-FR"},{"@type":"WebPage","@id":"https:\/\/cesam.community\/fr\/2023\/07\/06\/for-a-product-line-architect-manage-the-lifecycle-create-a-product-line\/","url":"https:\/\/cesam.community\/fr\/2023\/07\/06\/for-a-product-line-architect-manage-the-lifecycle-create-a-product-line\/","name":"Pour un architecte de ligne de produit, g\u00e9rer le cycle de vie : Cr\u00e9ation d\u2019une ligne de produit","isPartOf":{"@id":"https:\/\/cesam.community\/fr\/#website"},"datePublished":"2023-07-06T06:04:10+00:00","dateModified":"2023-07-06T06:47:06+00:00","description":"Bien d\u00e9finir une ligne de produit commence par bien d\u00e9limiter le p\u00e9rim\u00e8tre du march\u00e9 qu\u2019on cherche \u00e0 adresser et \u00e0 r\u00e9colter l\u2019ensemble des besoins...","breadcrumb":{"@id":"https:\/\/cesam.community\/fr\/2023\/07\/06\/for-a-product-line-architect-manage-the-lifecycle-create-a-product-line\/#breadcrumb"},"inLanguage":"fr-FR","potentialAction":[{"@type":"ReadAction","target":["https:\/\/cesam.community\/fr\/2023\/07\/06\/for-a-product-line-architect-manage-the-lifecycle-create-a-product-line\/"]}]},{"@type":"BreadcrumbList","@id":"https:\/\/cesam.community\/fr\/2023\/07\/06\/for-a-product-line-architect-manage-the-lifecycle-create-a-product-line\/#breadcrumb","itemListElement":[{"@type":"ListItem","position":1,"name":"Accueil","item":"https:\/\/cesam.community\/fr\/"},{"@type":"ListItem","position":2,"name":"WHITE PAPER","item":"https:\/\/cesam.community\/fr\/category\/white-paper-fr\/"},{"@type":"ListItem","position":3,"name":"Pour un architecte de ligne de produit, g\u00e9rer le cycle de vie : Cr\u00e9ation d\u2019une ligne de produit"}]},{"@type":"WebSite","@id":"https:\/\/cesam.community\/fr\/#website","url":"https:\/\/cesam.community\/fr\/","name":"Cesam Community","description":"La communaut\u00e9 CESAM","publisher":{"@id":"https:\/\/cesam.community\/fr\/#organization"},"potentialAction":[{"@type":"SearchAction","target":{"@type":"EntryPoint","urlTemplate":"https:\/\/cesam.community\/fr\/?s={search_term_string}"},"query-input":{"@type":"PropertyValueSpecification","valueRequired":true,"valueName":"search_term_string"}}],"inLanguage":"fr-FR"},{"@type":"Organization","@id":"https:\/\/cesam.community\/fr\/#organization","name":"CESAM Community","url":"https:\/\/cesam.community\/fr\/","logo":{"@type":"ImageObject","inLanguage":"fr-FR","@id":"https:\/\/cesam.community\/fr\/#\/schema\/logo\/image\/","url":"https:\/\/cesam.community\/wp-content\/uploads\/2021\/04\/cesam_community_logo_v4.png","contentUrl":"https:\/\/cesam.community\/wp-content\/uploads\/2021\/04\/cesam_community_logo_v4.png","width":7310,"height":1018,"caption":"CESAM Community"},"image":{"@id":"https:\/\/cesam.community\/fr\/#\/schema\/logo\/image\/"},"sameAs":["https:\/\/x.com\/cesamcommunity","https:\/\/www.linkedin.com\/company\/community-cesam\/about\/"]},{"@type":"Person","@id":"https:\/\/cesam.community\/fr\/#\/schema\/person\/1698618e5539e0eadd3578d29281a505","name":"admin","sameAs":["https:\/\/cesam.community"]}]}},"_links":{"self":[{"href":"https:\/\/cesam.community\/fr\/wp-json\/wp\/v2\/posts\/34672"}],"collection":[{"href":"https:\/\/cesam.community\/fr\/wp-json\/wp\/v2\/posts"}],"about":[{"href":"https:\/\/cesam.community\/fr\/wp-json\/wp\/v2\/types\/post"}],"author":[{"embeddable":true,"href":"https:\/\/cesam.community\/fr\/wp-json\/wp\/v2\/users\/1"}],"replies":[{"embeddable":true,"href":"https:\/\/cesam.community\/fr\/wp-json\/wp\/v2\/comments?post=34672"}],"version-history":[{"count":5,"href":"https:\/\/cesam.community\/fr\/wp-json\/wp\/v2\/posts\/34672\/revisions"}],"predecessor-version":[{"id":34679,"href":"https:\/\/cesam.community\/fr\/wp-json\/wp\/v2\/posts\/34672\/revisions\/34679"}],"wp:attachment":[{"href":"https:\/\/cesam.community\/fr\/wp-json\/wp\/v2\/media?parent=34672"}],"wp:term":[{"taxonomy":"category","embeddable":true,"href":"https:\/\/cesam.community\/fr\/wp-json\/wp\/v2\/categories?post=34672"},{"taxonomy":"post_tag","embeddable":true,"href":"https:\/\/cesam.community\/fr\/wp-json\/wp\/v2\/tags?post=34672"}],"curies":[{"name":"wp","href":"https:\/\/api.w.org\/{rel}","templated":true}]}}